{"id":70223,"date":"2024-07-09T11:36:00","date_gmt":"2024-07-09T17:36:00","guid":{"rendered":"https:\/\/zonaroja.com.mx\/?p=70223"},"modified":"2024-07-09T08:40:26","modified_gmt":"2024-07-09T14:40:26","slug":"vinculan-a-proceso-a-presunto-narcomenudista-de-pinotepa-nacional","status":"publish","type":"post","link":"https:\/\/zonaroja.com.mx\/?p=70223","title":{"rendered":"Vinculan a proceso a presunto narcomenudista de Pinotepa Nacional"},"content":{"rendered":"\n<p>Redacci\u00f3n\/Zona Roja.<\/p>\n\n\n\n<p>Oaxaca de Ju\u00e1rez, Oax., a 9 de julio de 2024.- Como parte de las acciones de combate a delitos de alto impacto, la Fiscal\u00eda General del Estado de Oaxaca (FGEO) obtuvo auto de vinculaci\u00f3n a proceso en contra de una persona del sexo masculino identificada como R.H.S.J., por el delito Contra la Salud, hechos ocurridos en la regi\u00f3n de la Costa.<\/p>\n\n\n\n<p>De acuerdo con la investigaci\u00f3n penal, R.H.S.J fue detenido en calles c\u00e9ntricas de la ciudad de Santiago Pinotepa Nacional, por elementos de la Secretar\u00eda de Marina, Polic\u00eda Estatal y Polic\u00eda Municipal de la zona, cuando realizaban recorridos de vigilancia y disuasi\u00f3n.<\/p>\n\n\n\n<p>Durante la detenci\u00f3n, al imputado que viajaba a bordo de una motocicleta le fueron aseguradas diversas bolsas de droga conocida como cristal, adem\u00e1s de hierba seca con las caracter\u00edsticas propias de la marihuana, as\u00ed como una b\u00e1scula gramera y dinero en efectivo.<\/p>\n\n\n\n<p>Por estos hechos, el imputado R.H.S.J., fue trasladado ante las autoridades ministeriales adscritas a la Vicefiscal\u00eda Regional de la Costa, que tom\u00f3 conocimiento del caso e inici\u00f3 las indagatorias correspondientes.<\/p>\n\n\n\n<p>Una vez hecha la investigaci\u00f3n, la FGEO present\u00f3 las pruebas al Juez que atiende la causa y al evaluar los datos de prueba, la autoridad judicial dict\u00f3 vinculaci\u00f3n a proceso a &nbsp;R.H.S.J., por el delito contra la salud, imponiendo la medida cautelar de prisi\u00f3n preventiva justificada, adem\u00e1s de otorgar un mes para el cierre de la investigaci\u00f3n complementaria.<\/p>\n\n\n\n<p>CONTRA VIOLADOR<\/p>\n\n\n\n<p>Por otra parte, la Fiscal\u00eda General del Estado obtuvo la vinculaci\u00f3n a proceso en contra de una persona del sexo masculino identificada como E.G.V., por el delito de violaci\u00f3n hechos cometidos en la regi\u00f3n del Istmo de Tehuantepec.<\/p>\n\n\n\n<p>De acuerdo con el expediente penal, los hechos ocurrieron en junio de 2019 cuando la v\u00edctima -identificada como G.A.S.- abord\u00f3 un taxi en el municipio de Salina Cruz, sin embargo, no fue trasladada al lugar que solicit\u00f3, sino que fue llevada a un domicilio en el que fue agredida.<\/p>\n\n\n\n<p>Al tener conocimiento de estos hechos, la Fiscal\u00eda General del Estado -a trav\u00e9s de la Vicefiscal\u00eda Regional del Istmo- inici\u00f3 las investigaciones correspondientes que permitieron obtener la orden de aprehensi\u00f3n contra el imputado identificado como E.G.V.<\/p>\n\n\n\n<p>En audiencia y, tras valorar los datos de prueba presentados por la Fiscal\u00eda General del Estado de Oaxaca, el Juez de la causa dict\u00f3 auto de vinculaci\u00f3n a proceso contra E.G.V. por el delito de violaci\u00f3n y otorg\u00f3 dos meses para el cierre de la investigaci\u00f3n complementaria.<\/p>\n","protected":false},"excerpt":{"rendered":"<p>Redacci\u00f3n\/Zona Roja. Oaxaca de Ju\u00e1rez, Oax., a 9 de julio de 2024.- Como parte de&hellip;<\/p>\n","protected":false},"author":2,"featured_media":68351,"comment_status":"closed","ping_status":"open","sticky":false,"template":"","format":"standard","meta":{"_lmt_disableupdate":"","_lmt_disable":"","_jetpack_memberships_contains_paid_content":false,"footnotes":""},"categories":[109,46],"tags":[494],"class_list":["post-70223","post","type-post","status-publish","format-standard","has-post-thumbnail","hentry","category-minuto-a-minuto","category-zona-blanca","tag-fiscalia-general-del-estado-de-oaxaca"],"jetpack_featured_media_url":"https:\/\/zonaroja.com.mx\/wp-content\/uploads\/2024\/05\/Detenido-aprehendido-detencion-aprehension.jpg","jetpack_sharing_enabled":true,"_links":{"self":[{"href":"https:\/\/zonaroja.com.mx\/index.php?rest_route=\/wp\/v2\/posts\/70223","targetHints":{"allow":["GET"]}}],"collection":[{"href":"https:\/\/zonaroja.com.mx\/index.php?rest_route=\/wp\/v2\/posts"}],"about":[{"href":"https:\/\/zonaroja.com.mx\/index.php?rest_route=\/wp\/v2\/types\/post"}],"author":[{"embeddable":true,"href":"https:\/\/zonaroja.com.mx\/index.php?rest_route=\/wp\/v2\/users\/2"}],"replies":[{"embeddable":true,"href":"https:\/\/zonaroja.com.mx\/index.php?rest_route=%2Fwp%2Fv2%2Fcomments&post=70223"}],"version-history":[{"count":1,"href":"https:\/\/zonaroja.com.mx\/index.php?rest_route=\/wp\/v2\/posts\/70223\/revisions"}],"predecessor-version":[{"id":70224,"href":"https:\/\/zonaroja.com.mx\/index.php?rest_route=\/wp\/v2\/posts\/70223\/revisions\/70224"}],"wp:featuredmedia":[{"embeddable":true,"href":"https:\/\/zonaroja.com.mx\/index.php?rest_route=\/wp\/v2\/media\/68351"}],"wp:attachment":[{"href":"https:\/\/zonaroja.com.mx\/index.php?rest_route=%2Fwp%2Fv2%2Fmedia&parent=70223"}],"wp:term":[{"taxonomy":"category","embeddable":true,"href":"https:\/\/zonaroja.com.mx\/index.php?rest_route=%2Fwp%2Fv2%2Fcategories&post=70223"},{"taxonomy":"post_tag","embeddable":true,"href":"https:\/\/zonaroja.com.mx\/index.php?rest_route=%2Fwp%2Fv2%2Ftags&post=70223"}],"curies":[{"name":"wp","href":"https:\/\/api.w.org\/{rel}","templated":true}]}}