{"id":70226,"date":"2024-07-09T18:28:11","date_gmt":"2024-07-10T00:28:11","guid":{"rendered":"https:\/\/zonaroja.com.mx\/?p=70226"},"modified":"2024-07-09T18:28:13","modified_gmt":"2024-07-10T00:28:13","slug":"designacion-de-mario-carrillo-en-la-sep-una-afrenta-al-magisterio","status":"publish","type":"post","link":"https:\/\/zonaroja.com.mx\/?p=70226","title":{"rendered":"Designaci\u00f3n de Mario Carrillo en la SEP,\u00a0 \u201cuna afrenta al magisterio\u201d"},"content":{"rendered":"\n<p>Raymundo Morales\/Zona Roja.<\/p>\n\n\n\n<p>Oaxaca de Ju\u00e1rez, Oax., a 9 de julio de 2024.-La designaci\u00f3n de Mario Delgado Carrillo al frente de la SEP \u201ces una afrenta al magisterio democr\u00e1tico que tiene memoria y no olvida que fue uno de los principales impulsores de la reforma laboral-educativa de Enrique Pe\u00f1a Nieto en el 2013, cuando formaba parte del \u2018Pacto por M\u00e9xico\u2019\u201d.<\/p>\n\n\n\n<p>As\u00ed rechaz\u00f3 la Secci\u00f3n 22 del Sindicato Nacional de Trabajadores de la Educaci\u00f3n (SNTE) la designaci\u00f3n de Claudia Sheinbaum del a\u00fan presidente del Partido Morena como pr\u00f3ximo titular de Secretar\u00eda de Educaci\u00f3n P\u00fablica del gobierno federal.&nbsp;<\/p>\n\n\n\n<p>En un comunicado, destac\u00f3 que el pol\u00edtico, ex perredista, fue el encargado de presentar la criminal reforma en el Senado, \u201cadem\u00e1s de ser el m\u00e1s entusiasta en las redes sociales a la hora de promoverla, lanzando vergonzosos mensajes para defender el t\u00e9rmino utilitarista de \u2018calidad educativa\u2019, as\u00ed como las evaluaciones continuas contra los profesores, siendo as\u00ed el vocero de Claudio X.<\/p>\n\n\n\n<p>Gonz\u00e1lez, principal enemigo del magisterio democr\u00e1tico\u201d.<\/p>\n\n\n\n<p>Expuso que, ante este escenario, la Secci\u00f3n 22 manifiesta su desacuerdo por el nombramiento, al ser part\u00edcipe en la imposici\u00f3n de la reforma laboral-educativa de Pe\u00f1a Nieto, que contin\u00faa lacerando los derechos labores de las trabajadoras y los trabajadores de la educaci\u00f3n al mantenerlos en un r\u00e9gimen de excepci\u00f3n laboral.<\/p>\n\n\n\n<p>\u201cExigimos que la Secretar\u00eda de Educaci\u00f3n P\u00fablica sea tratada con responsabilidad, en la cual se designe a una persona con formaci\u00f3n pedag\u00f3gica, con una visi\u00f3n humanista y sobre todo que conozca la realidad educativa de nuestra entidad y del pa\u00eds\u201d, expres\u00f3 el magisterio oaxaque\u00f1o. }<\/p>\n\n\n\n<p>Indic\u00f3 que sus integrantes se mantendr\u00e1n vigilantes y en alerta ante las acciones de la pr\u00f3xima administraci\u00f3n en los temas educativos. \u201cAdem\u00e1s, ratificamos nuestra lucha contra la actual Reforma Educativa y su brazo operativo: la USICAMM\u201d.<\/p>\n","protected":false},"excerpt":{"rendered":"<p>Raymundo Morales\/Zona Roja. Oaxaca de Ju\u00e1rez, Oax., a 9 de julio de 2024.-La designaci\u00f3n de&hellip;<\/p>\n","protected":false},"author":2,"featured_media":70227,"comment_status":"closed","ping_status":"open","sticky":false,"template":"","format":"standard","meta":{"_lmt_disableupdate":"","_lmt_disable":"","_jetpack_memberships_contains_paid_content":false,"footnotes":""},"categories":[109,47],"tags":[2136],"class_list":["post-70226","post","type-post","status-publish","format-standard","has-post-thumbnail","hentry","category-minuto-a-minuto","category-zona-gris","tag-mario-delgado-carrillo"],"jetpack_featured_media_url":"https:\/\/zonaroja.com.mx\/wp-content\/uploads\/2024\/07\/Mario-Delgado-Carrillo.webp","jetpack_sharing_enabled":true,"_links":{"self":[{"href":"https:\/\/zonaroja.com.mx\/index.php?rest_route=\/wp\/v2\/posts\/70226","targetHints":{"allow":["GET"]}}],"collection":[{"href":"https:\/\/zonaroja.com.mx\/index.php?rest_route=\/wp\/v2\/posts"}],"about":[{"href":"https:\/\/zonaroja.com.mx\/index.php?rest_route=\/wp\/v2\/types\/post"}],"author":[{"embeddable":true,"href":"https:\/\/zonaroja.com.mx\/index.php?rest_route=\/wp\/v2\/users\/2"}],"replies":[{"embeddable":true,"href":"https:\/\/zonaroja.com.mx\/index.php?rest_route=%2Fwp%2Fv2%2Fcomments&post=70226"}],"version-history":[{"count":1,"href":"https:\/\/zonaroja.com.mx\/index.php?rest_route=\/wp\/v2\/posts\/70226\/revisions"}],"predecessor-version":[{"id":70228,"href":"https:\/\/zonaroja.com.mx\/index.php?rest_route=\/wp\/v2\/posts\/70226\/revisions\/70228"}],"wp:featuredmedia":[{"embeddable":true,"href":"https:\/\/zonaroja.com.mx\/index.php?rest_route=\/wp\/v2\/media\/70227"}],"wp:attachment":[{"href":"https:\/\/zonaroja.com.mx\/index.php?rest_route=%2Fwp%2Fv2%2Fmedia&parent=70226"}],"wp:term":[{"taxonomy":"category","embeddable":true,"href":"https:\/\/zonaroja.com.mx\/index.php?rest_route=%2Fwp%2Fv2%2Fcategories&post=70226"},{"taxonomy":"post_tag","embeddable":true,"href":"https:\/\/zonaroja.com.mx\/index.php?rest_route=%2Fwp%2Fv2%2Ftags&post=70226"}],"curies":[{"name":"wp","href":"https:\/\/api.w.org\/{rel}","templated":true}]}}