{"id":70229,"date":"2024-07-09T19:49:16","date_gmt":"2024-07-10T01:49:16","guid":{"rendered":"https:\/\/zonaroja.com.mx\/?p=70229"},"modified":"2024-07-09T19:49:18","modified_gmt":"2024-07-10T01:49:18","slug":"en-cateo-en-valles-centrales-fiscalia-detiene-a-seis-presuntos-delincuentes","status":"publish","type":"post","link":"https:\/\/zonaroja.com.mx\/?p=70229","title":{"rendered":"En cateo en Valles Centrales, Fiscal\u00eda detiene a seis presuntos delincuentes"},"content":{"rendered":"\n<p>Redacci\u00f3n\/Zona Roja.&nbsp;<\/p>\n\n\n\n<p>Oaxaca de Ju\u00e1rez, Oax., a 9 de julio de 2024.- Como parte de las labores de investigaci\u00f3n ministerial para fortalecer las acciones de procuraci\u00f3n de justicia en la entidad, la Fiscal\u00eda General del Estado de Oaxaca (FGEO) dio cumplimiento a cinco \u00f3rdenes de cateos que se realizaron de manera simult\u00e1nea en la regi\u00f3n de los Valles Centrales.<\/p>\n\n\n\n<p>Derivado de los cuales se logr\u00f3 la detenci\u00f3n de seis personas, as\u00ed como el aseguramiento de drogas, cartuchos \u00fatiles de diversos calibres, chalecos t\u00e1cticos, veh\u00edculos y autopartes de unidades de motor.<\/p>\n\n\n\n<p>El primer operativo se realiz\u00f3 en un domicilio ubicado en el fraccionamiento Cosijoeza, en el fraccionamiento Reyes Mantec\u00f3n, perteneciente a San Bartolo Coyotepec, sitio en donde se logr\u00f3 la detenci\u00f3n de una persona identificada como J.C.A.F., adem\u00e1s de diversas bolsas con dosis de las drogas conocidas como cristal y marihuana, as\u00ed como diversos cartuchos \u00fatiles, armas de fuego, cargadores, una motocicleta, tel\u00e9fonos celulares y auto partes de unidades de motor.<\/p>\n\n\n\n<p>El segundo operativo se llev\u00f3 a cabo en un domicilio de la colonia Santa Isabel, perteneciente al municipio de Zaachila, donde se detuvieron a dos personas, una mujer identificada como G.J.M.A. y un hombre identificado como J.A.F., asimismo, aseguraron diversas dosis de drogas, elementos bal\u00edsticos, cargadores, chalecos t\u00e1cticos y dispositivos electr\u00f3nicos, objetos que fueron integrados como parte de las investigaciones ministeriales.<\/p>\n\n\n\n<p>El tercer y cuarto despliegues policiales se efectuaron en distintos domicilios de la colonia Vicente Guerrero, perteneciente al municipio de la Villa de Zaachila, donde detuvieron a una persona, identificada como E.C.H., sitios en los que tambi\u00e9n aseguraron diversas bolsas con dosis de diferentes drogas, as\u00ed como armas de fuego.<\/p>\n\n\n\n<p>Y en el quinto cateo, realizado en un domicilio ubicado en Avenida Ferrocarril o Camino Real, en el municipio de Ocotl\u00e1n de Morelos, adem\u00e1s de diversas bolsas con sustancia conocida como cristal, aseguraron cartuchos \u00fatiles de varios calibres, armas de fuego y se logr\u00f3 la detenci\u00f3n de dos personas del sexo masculino identificadas como H.R.R. y F.B.M.M.<\/p>\n\n\n\n<p>Estos operativos estrat\u00e9gicos forman parte de las labores en torno a la resoluci\u00f3n de casos contenidos en diferentes carpetas de investigaci\u00f3n, los cuales fueron encabezados por la FGEO a trav\u00e9s de la Vicefiscal\u00eda Regional de Valles Centrales, as\u00ed como Agentes Estatales de Investigaci\u00f3n (AEI), la Comandancia de la Unidad de Alto Impacto Valles Centrales, y efectuados en conjunto con elementos de la Secretar\u00eda de la Defensa Nacional (SEDENA) y personal de la Guardia Nacional.<\/p>\n\n\n\n<p>Las personas detenidas, as\u00ed como lo asegurado, quedaron a disposici\u00f3n de la autoridad ministerial correspondiente para resolver su situaci\u00f3n jur\u00eddica.<\/p>\n\n\n\n<p>HOMICIDA VINCULADO A PROCESO<\/p>\n\n\n\n<p>Por otra parte, la Fiscal\u00eda General del Estado obtuvo del Juzgado de Control, auto de vinculaci\u00f3n a proceso en contra de una persona del sexo masculino identificada como A. G. S., por el delito de Homicidio Calificado con Ventaja en agravio de un hombre que en vida respondi\u00f3 al nombre de M.S.T., cometido en Putla Villa de Guerrero en la regi\u00f3n Sierra Sur.<\/p>\n\n\n\n<p>De acuerdo con lo asentado en el expediente de la FGEO, A.G.S., es la segunda persona vinculada a proceso por este delito que ocurri\u00f3 el 7 de noviembre de 2018, sobre el camino de terracer\u00eda que conduce del Barrio de Guadalupe Yutee al municipio de Constancia del Rosario perteneciente a Putla.<\/p>\n\n\n\n<p>La investigaci\u00f3n revela que, en ese lugar, los agresores le cerraron el paso a la v\u00edctima identificada como M.S.T., para despu\u00e9s atacarlo con disparos de arma de fuego, infligiendo lesiones que provocaron que perdiera la vida.<\/p>\n\n\n\n<p>Tras estos hechos, la FGEO inici\u00f3 las investigaciones correspondientes a trav\u00e9s de la Vicefiscal\u00eda Regional de la Mixteca, gracias a las cuales fue posible la detenci\u00f3n del imputado, mismo que fue presentado ante el Juez que conoce la causa.<\/p>\n\n\n\n<p>Derivado de los datos de prueba aportados por la Fiscal\u00eda de Oaxaca, el Juez en turno determin\u00f3 vincular a proceso a A.G.S., por el delito de homicidio calificado, adem\u00e1s de imponer la medida cautelar de prisi\u00f3n preventiva y otorgar el plazo de dos meses para el cierre de investigaci\u00f3n complementaria.<\/p>\n\n\n\n<p>Cabe mencionar que, en 2023, la FGEO logr\u00f3 la detenci\u00f3n y posterior vinculaci\u00f3n a proceso de J.H.B., la primera persona bajo proceso penal por este mismo delito en agravio de M.S.T., quien fuera militante de MULT y ex agente municipal de San Miguel Copala.<\/p>\n","protected":false},"excerpt":{"rendered":"<p>Redacci\u00f3n\/Zona Roja.&nbsp; Oaxaca de Ju\u00e1rez, Oax., a 9 de julio de 2024.- Como parte de&hellip;<\/p>\n","protected":false},"author":2,"featured_media":70230,"comment_status":"closed","ping_status":"open","sticky":false,"template":"","format":"standard","meta":{"_lmt_disableupdate":"","_lmt_disable":"","_jetpack_memberships_contains_paid_content":false,"footnotes":""},"categories":[109,46],"tags":[494],"class_list":["post-70229","post","type-post","status-publish","format-standard","has-post-thumbnail","hentry","category-minuto-a-minuto","category-zona-blanca","tag-fiscalia-general-del-estado-de-oaxaca"],"jetpack_featured_media_url":"https:\/\/zonaroja.com.mx\/wp-content\/uploads\/2024\/07\/Detenidos-cateos-Fiscalia-Valles.jpg","jetpack_sharing_enabled":true,"_links":{"self":[{"href":"https:\/\/zonaroja.com.mx\/index.php?rest_route=\/wp\/v2\/posts\/70229","targetHints":{"allow":["GET"]}}],"collection":[{"href":"https:\/\/zonaroja.com.mx\/index.php?rest_route=\/wp\/v2\/posts"}],"about":[{"href":"https:\/\/zonaroja.com.mx\/index.php?rest_route=\/wp\/v2\/types\/post"}],"author":[{"embeddable":true,"href":"https:\/\/zonaroja.com.mx\/index.php?rest_route=\/wp\/v2\/users\/2"}],"replies":[{"embeddable":true,"href":"https:\/\/zonaroja.com.mx\/index.php?rest_route=%2Fwp%2Fv2%2Fcomments&post=70229"}],"version-history":[{"count":1,"href":"https:\/\/zonaroja.com.mx\/index.php?rest_route=\/wp\/v2\/posts\/70229\/revisions"}],"predecessor-version":[{"id":70231,"href":"https:\/\/zonaroja.com.mx\/index.php?rest_route=\/wp\/v2\/posts\/70229\/revisions\/70231"}],"wp:featuredmedia":[{"embeddable":true,"href":"https:\/\/zonaroja.com.mx\/index.php?rest_route=\/wp\/v2\/media\/70230"}],"wp:attachment":[{"href":"https:\/\/zonaroja.com.mx\/index.php?rest_route=%2Fwp%2Fv2%2Fmedia&parent=70229"}],"wp:term":[{"taxonomy":"category","embeddable":true,"href":"https:\/\/zonaroja.com.mx\/index.php?rest_route=%2Fwp%2Fv2%2Fcategories&post=70229"},{"taxonomy":"post_tag","embeddable":true,"href":"https:\/\/zonaroja.com.mx\/index.php?rest_route=%2Fwp%2Fv2%2Ftags&post=70229"}],"curies":[{"name":"wp","href":"https:\/\/api.w.org\/{rel}","templated":true}]}}