{"id":70232,"date":"2024-07-09T21:09:11","date_gmt":"2024-07-10T03:09:11","guid":{"rendered":"https:\/\/zonaroja.com.mx\/?p=70232"},"modified":"2024-07-09T21:09:14","modified_gmt":"2024-07-10T03:09:14","slug":"tiliche-de-putla-oaxaca-engalana-festival-internacional-cervantino","status":"publish","type":"post","link":"https:\/\/zonaroja.com.mx\/?p=70232","title":{"rendered":"\u201cTiliche\u201d de Putla, Oaxaca, engalana Festival Internacional Cervantino"},"content":{"rendered":"\n<p>Redacci\u00f3n\/Zona Roja Cdmx.<\/p>\n\n\n\n<p>Ciudad de M\u00e9xico, a 9 de julio de 2024.- Autoridades estatales de Guanajuato y la directora del Festival Internacional Cervantino hicieron la presentaci\u00f3n del cartel oficial para la edici\u00f3n 52 de este evento, el cual destaca la riqueza cultural y la diversidad art\u00edstica de quienes ser\u00e1n los invitados de honor, como son Brasil y Oaxaca.<\/p>\n\n\n\n<p>La obra fue creada por la estudiante de la Licenciatura en Dise\u00f1o gr\u00e1fico por la Universidad de Guanajuato, Jazm\u00edn Bedolla Garc\u00eda, quien dijo que su intenci\u00f3n fue capturar la esencia de ambas regiones y cre\u00f3 un dise\u00f1o que simboliza la uni\u00f3n y el intercambio cultural.<\/p>\n\n\n\n<p>Bedolla Garc\u00eda explic\u00f3 que el dise\u00f1o de su cartel est\u00e1 inspirado en dos tradiciones emblem\u00e1ticas: los \u201cTiliches\u201d de Putla Villa de Guerrero, de la sierra sur de Oaxaca, y el Bumba-Meu-Boi de la regi\u00f3n de Maranh\u00e3o, Brasil.<\/p>\n\n\n\n<p>Los \u201cTiliches\u201d representan a la clase trabajadora con prendas rasgadas, una m\u00e1scara de trapo o cart\u00f3n y un sombrero que normalmente es de paja.<\/p>\n\n\n\n<p>En tanto, el Bumba-Meu-Boi est\u00e1 compuesto por tres elementos: el ciclo vital, el universo m\u00edstico y lo religioso; todo ello representado en un colorido buey que alude a la existencia humana, desde el nacimiento hasta la muerte.<\/p>\n\n\n\n<p>Mariana Aymerich Ord\u00f3\u00f1ez, directora del Festival Internacional Cervantino y Circuitos Culturales, dijo que el dise\u00f1o creado por Jazm\u00edn Bedolla \u201cplasma en colores las tradiciones de Oaxaca y Brasil y adem\u00e1s estudi\u00f3 a profundidad las culturas lo que permiti\u00f3 reflejar muy bien a los invitados de honor\u201d.<\/p>\n\n\n\n<p>Por su parte, la rectora general de la Universidad de Guanajuato, Claudia Susana G\u00f3mez L\u00f3pez, mencion\u00f3 destac\u00f3 que la imagen ganadora, aparte de ser original, \u201cvino de la documentaci\u00f3n, la historia, del saber tanto del estado como del pa\u00eds invitado, los cuales tienen gran tradici\u00f3n art\u00edstica, gastron\u00f3mica y cultural\u201d.<\/p>\n\n\n\n<p>Mientras tanto, la directora general del Instituto Estatal de la Cultura de Guanajuato, Adriana Camarena de Obeso, recalc\u00f3 que gracias a la apertura que ha tenido el Festival Internacional Cervantino se ha abierto una veta importante para mostrar el talento guanajuatense en diversas perspectivas, como lo es ahora con la creaci\u00f3n y dise\u00f1o de este cartel oficial.<\/p>\n\n\n\n<p>\u201cHoy conocemos por fin la propuesta de Jazm\u00edn Bedolla Garc\u00eda, estudiante de la Universidad de Guanajuato, con la que el Cervantino va comenzando a mostrar la cara de la que esperamos sea una edici\u00f3n extremadamente alegre\u201d.<\/p>\n\n\n\n<p>Jazm\u00edn Bedolla Garc\u00eda se hizo acreedora a un reconocimiento econ\u00f3mico y un premio de 30 mil pesos.<\/p>\n\n\n\n<p>Su trabajo logr\u00f3 combinar estas dos tradiciones en una composici\u00f3n visual que invita a la celebraci\u00f3n y al descubrimiento.<\/p>\n\n\n\n<p>\u201cEs un honor poder representar la imagen de esta edici\u00f3n del Cervantino, me pone muy feliz, pues se hizo con mucho cari\u00f1o y quise que ambos invitados estuvieran presentes, unidos y representado esta alegr\u00eda y esta festividad que es de lo que trata el festival; quise celebrar esa energ\u00eda de cultura y diversidad\u201d, afirm\u00f3 la estudiante de la Universidad de Guanajuato.<\/p>\n\n\n\n<p>La imagen es resultado de la convocatoria de imagen 2024, que abri\u00f3 el Festival Internacional Cervantino, con el objetivo de involucrar a j\u00f3venes estudiantes de Guanajuato al proyecto art\u00edstico y cultural.<\/p>\n\n\n\n<p>Se trata de la cuarta ocasi\u00f3n en que el festival lanza un concurso para realizar la imagen oficial y es la primera vez que la invitaci\u00f3n se extendi\u00f3 a las y los estudiantes de las instituciones de educaci\u00f3n superior de todo el estado de Guanajuato, lo que permiti\u00f3 una mayor participaci\u00f3n, pues fueron recibidas 54 propuestas.<\/p>\n\n\n\n<p>La edici\u00f3n 52 del Festival Internacional Cervantino, que se llevar\u00e1 a cabo del 11 al 27 de octubre de 2024, tendr\u00e1 una programaci\u00f3n diversa que incluye m\u00fasica, danza, teatro, artes visuales y m\u00e1s.&nbsp;<\/p>\n\n\n\n<p>(Informaci\u00f3n de \u201cEl Sol de Irapuato\u201d)<\/p>\n","protected":false},"excerpt":{"rendered":"<p>Redacci\u00f3n\/Zona Roja Cdmx. Ciudad de M\u00e9xico, a 9 de julio de 2024.- Autoridades estatales de&hellip;<\/p>\n","protected":false},"author":2,"featured_media":70233,"comment_status":"closed","ping_status":"open","sticky":false,"template":"","format":"standard","meta":{"_lmt_disableupdate":"","_lmt_disable":"","_jetpack_memberships_contains_paid_content":false,"footnotes":""},"categories":[109,46],"tags":[3995],"class_list":["post-70232","post","type-post","status-publish","format-standard","has-post-thumbnail","hentry","category-minuto-a-minuto","category-zona-blanca","tag-festival-internacional-cervantino-fic"],"jetpack_featured_media_url":"https:\/\/zonaroja.com.mx\/wp-content\/uploads\/2024\/07\/Cartel-tiliches-Cervantino.webp","jetpack_sharing_enabled":true,"_links":{"self":[{"href":"https:\/\/zonaroja.com.mx\/index.php?rest_route=\/wp\/v2\/posts\/70232","targetHints":{"allow":["GET"]}}],"collection":[{"href":"https:\/\/zonaroja.com.mx\/index.php?rest_route=\/wp\/v2\/posts"}],"about":[{"href":"https:\/\/zonaroja.com.mx\/index.php?rest_route=\/wp\/v2\/types\/post"}],"author":[{"embeddable":true,"href":"https:\/\/zonaroja.com.mx\/index.php?rest_route=\/wp\/v2\/users\/2"}],"replies":[{"embeddable":true,"href":"https:\/\/zonaroja.com.mx\/index.php?rest_route=%2Fwp%2Fv2%2Fcomments&post=70232"}],"version-history":[{"count":1,"href":"https:\/\/zonaroja.com.mx\/index.php?rest_route=\/wp\/v2\/posts\/70232\/revisions"}],"predecessor-version":[{"id":70234,"href":"https:\/\/zonaroja.com.mx\/index.php?rest_route=\/wp\/v2\/posts\/70232\/revisions\/70234"}],"wp:featuredmedia":[{"embeddable":true,"href":"https:\/\/zonaroja.com.mx\/index.php?rest_route=\/wp\/v2\/media\/70233"}],"wp:attachment":[{"href":"https:\/\/zonaroja.com.mx\/index.php?rest_route=%2Fwp%2Fv2%2Fmedia&parent=70232"}],"wp:term":[{"taxonomy":"category","embeddable":true,"href":"https:\/\/zonaroja.com.mx\/index.php?rest_route=%2Fwp%2Fv2%2Fcategories&post=70232"},{"taxonomy":"post_tag","embeddable":true,"href":"https:\/\/zonaroja.com.mx\/index.php?rest_route=%2Fwp%2Fv2%2Ftags&post=70232"}],"curies":[{"name":"wp","href":"https:\/\/api.w.org\/{rel}","templated":true}]}}