{"id":70235,"date":"2024-07-09T22:16:00","date_gmt":"2024-07-10T04:16:00","guid":{"rendered":"https:\/\/zonaroja.com.mx\/?p=70235"},"modified":"2024-07-09T22:16:02","modified_gmt":"2024-07-10T04:16:02","slug":"otra-a-favor-del-ejercito-en-caso-ayotzinapa-liberan-a-general-acusado","status":"publish","type":"post","link":"https:\/\/zonaroja.com.mx\/?p=70235","title":{"rendered":"Otra a favor del Ej\u00e9rcito en caso Ayotzinapa: liberan a general acusado"},"content":{"rendered":"\n<p>Redacci\u00f3n\/Zona Roja Cdmx.<\/p>\n\n\n\n<p>Ciudad de M\u00e9xico, a 9 de julio de 2024.- Esta tarde se cumpliment\u00f3 la orden de un jueza federal para dejar en libertad al general Jos\u00e9 Rodr\u00edguez P\u00e9rez, quien enfrenta un proceso en su contra por el delito de delincuencia organizada vinculada al caso de los 43 normalistas de Ayotzinapa desaparecidos en septiembre de 2014.<\/p>\n\n\n\n<p>La orden de su liberaci\u00f3n fue emitida desde el pasado s\u00e1bado por Raquel Duarte Cedillo, jueza segunda de distrito en materia penal con sede en Toluca, Estado de M\u00e9xico, quien consider\u00f3 que Rodr\u00edguez P\u00e9rez no representa riesgo alguno de fuga, por lo que se le otorg\u00f3 el beneficio de cambiarle su medida cautelar de prisi\u00f3n preventiva a libertad condicional.<\/p>\n\n\n\n<p>De acuerdo con informaci\u00f3n del periodista Gustavo Castillo, publicada en \u201cLa Jornada\u201d, el general brigadier en retiro abandon\u00f3 la prisi\u00f3n del Campo Militar N\u00famero 1 (Campo Marte) en punto de las 17:30 horas de este martes, despu\u00e9s de cumplir con el pago de una garant\u00eda econ\u00f3mica de 50 mil pesos.<\/p>\n\n\n\n<p>Conviene recordar que los cargos contra el general que se desempe\u00f1\u00f3 como comandante del 27 Batall\u00f3n de Infanter\u00eda en Iguala, Guerrero, durante la desaparici\u00f3n de los normalistas de Ayotzinapa entre el 26 y 27 de septiembre de 2014, se centran en el presunto nexo que ten\u00eda con el grupo criminal \u201cGuerreros Unidos\u201d, por lo que se le acusa de delincuencia organizada y desaparici\u00f3n forzada.<\/p>\n\n\n\n<p>La investigaci\u00f3n realizada por la Comisi\u00f3n de la Verdad y Acceso a la Justicia para el Caso Ayotzinapa apunta a que el general Jos\u00e9 Rodr\u00edguez P\u00e9rez habr\u00eda ordenado el asesinato de al menos seis de los 43 estudiantes de la Escuela Normal Rural Ra\u00fal Isidro Burgos.<\/p>\n\n\n\n<p>Parte fundamental para la detenci\u00f3n del general fue el testigo de Gilderto L\u00f3pez Astudillo, uno de los l\u00edderes de \u201cGuerreros Unidos\u201d que se convirti\u00f3 en testigo protegido de la Fiscal\u00eda General de la Rep\u00fablica (FGR) y se\u00f1al\u00f3 a un pu\u00f1ado de militares como c\u00f3mplices en la desaparici\u00f3n de los normalistas.<\/p>\n\n\n\n<p>De acuerdo con informaci\u00f3n de \u201cMilenio\u00bb, L\u00f3pez Astudillo fue detenido en 2015 y liberado en 2019 por la tortura que sufri\u00f3 durante su detenci\u00f3n por agentes de la entonces Procuradur\u00eda General de la Rep\u00fablica (PGR); aunque los familiares de los normalistas de Ayotzinapa han pedido que se le vuelva a detener, el apodado \u2018Cabo Gil\u2019 tramit\u00f3 un amparo para frenar cualquier orden de aprehensi\u00f3n en su contra.<\/p>\n\n\n\n<p>(Informaci\u00f3n de Infobae M\u00e9xico)<\/p>\n","protected":false},"excerpt":{"rendered":"<p>Redacci\u00f3n\/Zona Roja Cdmx. Ciudad de M\u00e9xico, a 9 de julio de 2024.- Esta tarde se&hellip;<\/p>\n","protected":false},"author":2,"featured_media":70236,"comment_status":"closed","ping_status":"open","sticky":false,"template":"","format":"standard","meta":{"_lmt_disableupdate":"","_lmt_disable":"","_jetpack_memberships_contains_paid_content":false,"footnotes":""},"categories":[109,47],"tags":[1816],"class_list":["post-70235","post","type-post","status-publish","format-standard","has-post-thumbnail","hentry","category-minuto-a-minuto","category-zona-gris","tag-43-desaparecidos-ayotzinapa"],"jetpack_featured_media_url":"https:\/\/zonaroja.com.mx\/wp-content\/uploads\/2024\/07\/General-Jose-Rodriguez-Perez.jpeg","jetpack_sharing_enabled":true,"_links":{"self":[{"href":"https:\/\/zonaroja.com.mx\/index.php?rest_route=\/wp\/v2\/posts\/70235","targetHints":{"allow":["GET"]}}],"collection":[{"href":"https:\/\/zonaroja.com.mx\/index.php?rest_route=\/wp\/v2\/posts"}],"about":[{"href":"https:\/\/zonaroja.com.mx\/index.php?rest_route=\/wp\/v2\/types\/post"}],"author":[{"embeddable":true,"href":"https:\/\/zonaroja.com.mx\/index.php?rest_route=\/wp\/v2\/users\/2"}],"replies":[{"embeddable":true,"href":"https:\/\/zonaroja.com.mx\/index.php?rest_route=%2Fwp%2Fv2%2Fcomments&post=70235"}],"version-history":[{"count":1,"href":"https:\/\/zonaroja.com.mx\/index.php?rest_route=\/wp\/v2\/posts\/70235\/revisions"}],"predecessor-version":[{"id":70237,"href":"https:\/\/zonaroja.com.mx\/index.php?rest_route=\/wp\/v2\/posts\/70235\/revisions\/70237"}],"wp:featuredmedia":[{"embeddable":true,"href":"https:\/\/zonaroja.com.mx\/index.php?rest_route=\/wp\/v2\/media\/70236"}],"wp:attachment":[{"href":"https:\/\/zonaroja.com.mx\/index.php?rest_route=%2Fwp%2Fv2%2Fmedia&parent=70235"}],"wp:term":[{"taxonomy":"category","embeddable":true,"href":"https:\/\/zonaroja.com.mx\/index.php?rest_route=%2Fwp%2Fv2%2Fcategories&post=70235"},{"taxonomy":"post_tag","embeddable":true,"href":"https:\/\/zonaroja.com.mx\/index.php?rest_route=%2Fwp%2Fv2%2Ftags&post=70235"}],"curies":[{"name":"wp","href":"https:\/\/api.w.org\/{rel}","templated":true}]}}