{"id":70246,"date":"2024-07-10T08:29:41","date_gmt":"2024-07-10T14:29:41","guid":{"rendered":"https:\/\/zonaroja.com.mx\/?p=70246"},"modified":"2024-07-10T08:29:43","modified_gmt":"2024-07-10T14:29:43","slug":"crece-la-sicosis-en-oaxaca-por-presuntos-traficantes-de-organos","status":"publish","type":"post","link":"https:\/\/zonaroja.com.mx\/?p=70246","title":{"rendered":"Crece la sicosis en Oaxaca por presuntos traficantes de \u00f3rganos"},"content":{"rendered":"\n<p>Ismael Garc\u00eda M.\/Zona Roja.<\/p>\n\n\n\n<p>Oaxaca de Ju\u00e1rez, Oax., a 10 de julio de 2024.- Pese a que las autoridades han desmentido anteriormente la situaci\u00f3n, en Oaxaca se extiende la sicosis por una banda de presuntos secuestradores de ni\u00f1os y traficantes de \u00f3rganos.<\/p>\n\n\n\n<p>Ahora ocurri\u00f3 en Santa Mar\u00eda Alotepec Mixe, municipio de la regi\u00f3n Sierra de Ju\u00e1rez del estado, donde la autoridad municipal aplic\u00f3 el toque de queda.<\/p>\n\n\n\n<p>El presidente municipal Constantino Fausto G\u00e1lvez firm\u00f3 un comunicado a la poblaci\u00f3n, avalado por la asamblea general, aunque sin precisar fecha.<\/p>\n\n\n\n<p>\u201c\u2026se determina considerar algunas medidas de prevenci\u00f3n para salvaguardar la seguridad de la ciudadan\u00eda, considerando que, en la regi\u00f3n se especula la presencia de una red de secuestradores dedicados al tr\u00e1fico de \u00f3rganos\u201d.<\/p>\n\n\n\n<p>Por ello, emite medidas como la aplicaci\u00f3n de un toque de queda a partir de las 22:00 horas, as\u00ed como el cierre total al paso de veh\u00edculos, de esa hora hasta las cinco de la ma\u00f1ana.<\/p>\n\n\n\n<p>Adem\u00e1s, el ingreso de vendedores ambulantes deber\u00e1n reportarse ante la autoridad municipal presentando una identificaci\u00f3n oficial; circular con veh\u00edculos de motor a una velocidad de 20 kil\u00f3metros por hora.<\/p>\n\n\n\n<p>M\u00c1S CASOS<\/p>\n\n\n\n<p>En junio pasado, una noticia similar ocurri\u00f3 en comunidades de Ejutla de Crespo, en la regi\u00f3n Valles Centrales, y en Asunci\u00f3n Ixtaltepec, en el Istmo, donde se alert\u00f3 el robo de ni\u00f1os.<\/p>\n\n\n\n<p>Tambi\u00e9n apenas el 27 de junio pasado, la localidad de San Isidro Huay\u00e1pam, del municipio de Alotepec Mixe, emiti\u00f3 un comunicado similar para alertar a la poblaci\u00f3n acerca de supuestos grupos delictivos que ingresan a las comunidades.<\/p>\n\n\n\n<p>\u201cEs importante aclarar que hasta el momento no se ha comprobado de manera oficial estos casos de acuerdo a las investigaciones previas por esta autoridad municipal\u201d, detall\u00f3 el documento firmado por el alcalde \u00fanico Aristarco Zamora Reyes.<\/p>\n\n\n\n<p>La Fiscal\u00eda General del Estado de Oaxaca y el Gobierno del Estado precisaron en esa ocasi\u00f3n que eran noticias falsas.<\/p>\n\n\n\n<p>La misma versi\u00f3n ha circulado desde hace varios a\u00f1os en distintas entidades del pa\u00eds, y pese a las advertencias de la autoridades, continuan causando zozobra en la poblaci\u00f3n.<\/p>\n","protected":false},"excerpt":{"rendered":"<p>Ismael Garc\u00eda M.\/Zona Roja. Oaxaca de Ju\u00e1rez, Oax., a 10 de julio de 2024.- Pese&hellip;<\/p>\n","protected":false},"author":2,"featured_media":70247,"comment_status":"closed","ping_status":"open","sticky":false,"template":"","format":"standard","meta":{"_lmt_disableupdate":"","_lmt_disable":"","_jetpack_memberships_contains_paid_content":false,"footnotes":""},"categories":[109],"tags":[474],"class_list":["post-70246","post","type-post","status-publish","format-standard","has-post-thumbnail","hentry","category-minuto-a-minuto","tag-santa-maria-alotepec-mixe"],"jetpack_featured_media_url":"https:\/\/zonaroja.com.mx\/wp-content\/uploads\/2024\/07\/Oficios-Alotepec-Mixe.jpg","jetpack_sharing_enabled":true,"_links":{"self":[{"href":"https:\/\/zonaroja.com.mx\/index.php?rest_route=\/wp\/v2\/posts\/70246","targetHints":{"allow":["GET"]}}],"collection":[{"href":"https:\/\/zonaroja.com.mx\/index.php?rest_route=\/wp\/v2\/posts"}],"about":[{"href":"https:\/\/zonaroja.com.mx\/index.php?rest_route=\/wp\/v2\/types\/post"}],"author":[{"embeddable":true,"href":"https:\/\/zonaroja.com.mx\/index.php?rest_route=\/wp\/v2\/users\/2"}],"replies":[{"embeddable":true,"href":"https:\/\/zonaroja.com.mx\/index.php?rest_route=%2Fwp%2Fv2%2Fcomments&post=70246"}],"version-history":[{"count":1,"href":"https:\/\/zonaroja.com.mx\/index.php?rest_route=\/wp\/v2\/posts\/70246\/revisions"}],"predecessor-version":[{"id":70248,"href":"https:\/\/zonaroja.com.mx\/index.php?rest_route=\/wp\/v2\/posts\/70246\/revisions\/70248"}],"wp:featuredmedia":[{"embeddable":true,"href":"https:\/\/zonaroja.com.mx\/index.php?rest_route=\/wp\/v2\/media\/70247"}],"wp:attachment":[{"href":"https:\/\/zonaroja.com.mx\/index.php?rest_route=%2Fwp%2Fv2%2Fmedia&parent=70246"}],"wp:term":[{"taxonomy":"category","embeddable":true,"href":"https:\/\/zonaroja.com.mx\/index.php?rest_route=%2Fwp%2Fv2%2Fcategories&post=70246"},{"taxonomy":"post_tag","embeddable":true,"href":"https:\/\/zonaroja.com.mx\/index.php?rest_route=%2Fwp%2Fv2%2Ftags&post=70246"}],"curies":[{"name":"wp","href":"https:\/\/api.w.org\/{rel}","templated":true}]}}