{"id":70249,"date":"2024-07-10T10:32:00","date_gmt":"2024-07-10T16:32:00","guid":{"rendered":"https:\/\/zonaroja.com.mx\/?p=70249"},"modified":"2024-07-10T08:34:42","modified_gmt":"2024-07-10T14:34:42","slug":"engalanan-esculturas-gigantes-la-capital-de-oaxaca","status":"publish","type":"post","link":"https:\/\/zonaroja.com.mx\/?p=70249","title":{"rendered":"Engalanan esculturas gigantes la capital de Oaxaca"},"content":{"rendered":"\n<p>Redacci\u00f3n\/Zona Roja.<\/p>\n\n\n\n<p>Oaxaca de Ju\u00e1rez, Oax., a 10 de julio de 2024.- El ayuntamiento de Oaxaca de Ju\u00e1rez, a trav\u00e9s de la Secretar\u00eda de Arte y Cultura, present\u00f3 la exposici\u00f3n \u201cProcesi\u00f3n: Tiempo de Gigantes\u201d, conjunto escult\u00f3rico que se exhibe por primera vez en territorio capitalino.<\/p>\n\n\n\n<p>La muestra monumental a cargo del artista pl\u00e1stico oaxaque\u00f1o Alberto Arag\u00f3n Reyes, se compone de esculturas ubicadas a un costado de la Catedral Metropolitana, en la Alameda de Le\u00f3n, y se mantendr\u00e1 hasta el 1 de diciembre de este a\u00f1o.<\/p>\n\n\n\n<p>El pr\u00f3ximo 12 de julio a las 21:00 horas, la dependencia municipal llevar\u00e1 a cabo una activaci\u00f3n m\u00fasico \u2013 danc\u00edstica alrededor de las esculturas, en la que se contar\u00e1 con la participaci\u00f3n de la Orquesta Sinf\u00f3nica de Oaxaca y la Compa\u00f1\u00eda Estatal de Danza Contempor\u00e1nea de Oaxaca.<\/p>\n\n\n\n<p>En ese sentido, la secretaria de Arte y Cultura del Ayuntamiento capitalino, Leticia Valle Mijangos, invit\u00f3 a locales, as\u00ed como a visitantes nacionales y extranjeros a presenciar la exposici\u00f3n en la que se exhiben: \u201cLa revelaci\u00f3n\u201d, \u201cHombre y Mujer\u201d, \u201cT\u00f3tem\u201d, \u201cCivilizaci\u00f3n\u201d y \u201cPescador\u201d.<\/p>\n\n\n\n<p>Las esculturas exhibidas en \u201cProcesi\u00f3n: Tiempo de Gigantes\u201d, se muestran como una alegor\u00eda que aborda cuestiones cruciales como la autoconsciencia, la relaci\u00f3n con la naturaleza, la importancia de la cultura y el viaje vital de la humanidad desde sus inicios hasta el futuro.<\/p>\n\n\n\n<p>\u201cSe han requerido de esfuerzos log\u00edsticos grandes y agradezco a quienes han colaborado para hacer realidad esta exposici\u00f3n organizada para el disfrute de todas y todos\u201d, indic\u00f3 Leticia Valle acompa\u00f1ada de las concejales Deyanira Altamirano G\u00f3mez y Adriana Morales S\u00e1nchez.<\/p>\n\n\n\n<p>En ese sentido subray\u00f3 que actualmente se cuentan con estudios de c\u00e1lculo estructural de las obras y el acompa\u00f1amiento de personal de Protecci\u00f3n Civil Municipal, a fin de monitorear la correcta instalaci\u00f3n de las figuras y mitigar riesgos a la poblaci\u00f3n.<\/p>\n\n\n\n<p>En la conferencia se cont\u00f3 con la asistencia de Alejandra Serret Bravo, directora de la Compa\u00f1\u00eda Estatal de Danza Contempor\u00e1nea de Oaxaca y Pere Soto, director art\u00edstico, adem\u00e1s de Ana Itzel y Jos\u00e9 \u00c1ngel Hern\u00e1ndez, colaboradores del taller del maestro Alberto Arag\u00f3n Reyes.<\/p>\n\n\n\n<p>El maestro Arag\u00f3n Reyes naci\u00f3 en la ciudad de Oaxaca en 1980. Durante su juventud ingres\u00f3 a la Escuela de Bellas Artes de la ciudad, pero eligi\u00f3 conocer los elementos que conforman las artes pl\u00e1sticas por cuenta propia. Para ello, acudi\u00f3 con los maestros canteros de Etla donde obtuvo conocimientos referentes a la escultura. De igual manera, se ejercit\u00f3 en el dibujo art\u00edstico y en las teor\u00edas del color.<\/p>\n","protected":false},"excerpt":{"rendered":"<p>Redacci\u00f3n\/Zona Roja. Oaxaca de Ju\u00e1rez, Oax., a 10 de julio de 2024.- El ayuntamiento de&hellip;<\/p>\n","protected":false},"author":2,"featured_media":70250,"comment_status":"closed","ping_status":"open","sticky":false,"template":"","format":"standard","meta":{"_lmt_disableupdate":"","_lmt_disable":"","_jetpack_memberships_contains_paid_content":false,"footnotes":""},"categories":[109,46],"tags":[148],"class_list":["post-70249","post","type-post","status-publish","format-standard","has-post-thumbnail","hentry","category-minuto-a-minuto","category-zona-blanca","tag-oaxaca-de-juarez"],"jetpack_featured_media_url":"https:\/\/zonaroja.com.mx\/wp-content\/uploads\/2024\/07\/Esculturas-gigantes-ciudad-de-Oaxaca.jpeg","jetpack_sharing_enabled":true,"_links":{"self":[{"href":"https:\/\/zonaroja.com.mx\/index.php?rest_route=\/wp\/v2\/posts\/70249","targetHints":{"allow":["GET"]}}],"collection":[{"href":"https:\/\/zonaroja.com.mx\/index.php?rest_route=\/wp\/v2\/posts"}],"about":[{"href":"https:\/\/zonaroja.com.mx\/index.php?rest_route=\/wp\/v2\/types\/post"}],"author":[{"embeddable":true,"href":"https:\/\/zonaroja.com.mx\/index.php?rest_route=\/wp\/v2\/users\/2"}],"replies":[{"embeddable":true,"href":"https:\/\/zonaroja.com.mx\/index.php?rest_route=%2Fwp%2Fv2%2Fcomments&post=70249"}],"version-history":[{"count":1,"href":"https:\/\/zonaroja.com.mx\/index.php?rest_route=\/wp\/v2\/posts\/70249\/revisions"}],"predecessor-version":[{"id":70251,"href":"https:\/\/zonaroja.com.mx\/index.php?rest_route=\/wp\/v2\/posts\/70249\/revisions\/70251"}],"wp:featuredmedia":[{"embeddable":true,"href":"https:\/\/zonaroja.com.mx\/index.php?rest_route=\/wp\/v2\/media\/70250"}],"wp:attachment":[{"href":"https:\/\/zonaroja.com.mx\/index.php?rest_route=%2Fwp%2Fv2%2Fmedia&parent=70249"}],"wp:term":[{"taxonomy":"category","embeddable":true,"href":"https:\/\/zonaroja.com.mx\/index.php?rest_route=%2Fwp%2Fv2%2Fcategories&post=70249"},{"taxonomy":"post_tag","embeddable":true,"href":"https:\/\/zonaroja.com.mx\/index.php?rest_route=%2Fwp%2Fv2%2Ftags&post=70249"}],"curies":[{"name":"wp","href":"https:\/\/api.w.org\/{rel}","templated":true}]}}