{"id":70259,"date":"2024-07-10T17:24:06","date_gmt":"2024-07-10T23:24:06","guid":{"rendered":"https:\/\/zonaroja.com.mx\/?p=70259"},"modified":"2024-07-10T18:55:55","modified_gmt":"2024-07-11T00:55:55","slug":"dan-a-conocer-programa-de-la-guelaguetza-en-la-vida-cotidiana-que-promueven-las-ong","status":"publish","type":"post","link":"https:\/\/zonaroja.com.mx\/?p=70259","title":{"rendered":"Dan a conocer programa de la \u201cGuelaguetza en la vida cotidiana\u201d, que promueven las ONG"},"content":{"rendered":"\n<p>Redacci\u00f3n\/Zona Roja.<\/p>\n\n\n\n<p>Oaxaca de Ju\u00e1rez, Oax., a 10 de julio de 2024. El Espacio Estatal del Ma\u00edz Nativo de Oaxaca hizo publico las actividades de la \u201cGuelaguetza en la vida cotidiana\u201d en su versi\u00f3n 2024.<\/p>\n\n\n\n<p>\u201cEn zapoteco decimos Guelaguetza a la ayuda mutua, al intercambio, tambi\u00e9n decimos \u2018gueza\u2019 \u2018gozun\u2019 \u2018gozona\u2019 \u2018mano vuelta\u2019x en zapoteco de la Sierra Norte. \u00bfTu c\u00f3mo lo nombras desde tu regi\u00f3n? Comp\u00e1rtenos y no dejes de acompa\u00f1arnos en nuestras actividades\u201d, escribe este Espacio de comunidades y organizaciones de Oaxaca, en sus redes sociales.<\/p>\n\n\n\n<p>Las actividades inician el lunes 15 de julio a las 10 de la ma\u00f1ana con un Ritual del Ma\u00edz, por amigas de la naturaleza, en la explanada de Santo Domingo, de Guzm\u00e1n, en la capital, finalizando con una intervenci\u00f3n musical de \u201cTlacuaches Sonideros\u201d.<\/p>\n\n\n\n<p>Le sigue la actividad titulada \u201cMa\u00edz y Tratados Internacionales\u201d, a las 12:30 horas en el Instituto de Artes Gr\u00e1ficas de Oaxaca (IAGO), con los invitados Ana de Ita, del Ceccam, Ram\u00f3n Vera, de la Alianza Biodiversidad de Ojarasca, as\u00ed como Joel Aquino, Organizaci\u00f3n Uken Ke Uken.<\/p>\n\n\n\n<p>Este primer d\u00eda de la semana de \u201cGuelaguetza en la vida cotidiana\u201d cierra con la actividad \u201cLa defensa del ma\u00edz nativo, es la defensa de la comunidad y el territorio\u201d, en Yunhiz Espacio Alternativo, transmitido por Radio Plant\u00f3n 92.3 fm en el programa \u201cLibelula callejera\u201d.<\/p>\n\n\n\n<p>Contin\u00faan actividades sobre la nixtamalizaci\u00f3n, la milpa, la presentaci\u00f3n de un libro, un taller sobre el botiqu\u00edn herbal de la milpa, un mercadito ecol\u00f3gico y un taller de cocina con la milpa.<\/p>\n\n\n\n<p>La semana de actividades cierra con el evento \u201cGuelaguetza en la Milpa\u201d el s\u00e1bado 20 de julio a las 11 horas en el IAGO.<\/p>\n","protected":false},"excerpt":{"rendered":"<p>Redacci\u00f3n\/Zona Roja. Oaxaca de Ju\u00e1rez, Oax., a 10 de julio de 2024. El Espacio Estatal&hellip;<\/p>\n","protected":false},"author":2,"featured_media":70264,"comment_status":"closed","ping_status":"open","sticky":false,"template":"","format":"standard","meta":{"_lmt_disableupdate":"","_lmt_disable":"","_jetpack_memberships_contains_paid_content":false,"footnotes":""},"categories":[109,46],"tags":[],"class_list":["post-70259","post","type-post","status-publish","format-standard","has-post-thumbnail","hentry","category-minuto-a-minuto","category-zona-blanca"],"jetpack_featured_media_url":"https:\/\/zonaroja.com.mx\/wp-content\/uploads\/2024\/07\/Programa-Guelaguetza-en-la-vida-cotidiana.jpg","jetpack_sharing_enabled":true,"_links":{"self":[{"href":"https:\/\/zonaroja.com.mx\/index.php?rest_route=\/wp\/v2\/posts\/70259","targetHints":{"allow":["GET"]}}],"collection":[{"href":"https:\/\/zonaroja.com.mx\/index.php?rest_route=\/wp\/v2\/posts"}],"about":[{"href":"https:\/\/zonaroja.com.mx\/index.php?rest_route=\/wp\/v2\/types\/post"}],"author":[{"embeddable":true,"href":"https:\/\/zonaroja.com.mx\/index.php?rest_route=\/wp\/v2\/users\/2"}],"replies":[{"embeddable":true,"href":"https:\/\/zonaroja.com.mx\/index.php?rest_route=%2Fwp%2Fv2%2Fcomments&post=70259"}],"version-history":[{"count":1,"href":"https:\/\/zonaroja.com.mx\/index.php?rest_route=\/wp\/v2\/posts\/70259\/revisions"}],"predecessor-version":[{"id":70260,"href":"https:\/\/zonaroja.com.mx\/index.php?rest_route=\/wp\/v2\/posts\/70259\/revisions\/70260"}],"wp:featuredmedia":[{"embeddable":true,"href":"https:\/\/zonaroja.com.mx\/index.php?rest_route=\/wp\/v2\/media\/70264"}],"wp:attachment":[{"href":"https:\/\/zonaroja.com.mx\/index.php?rest_route=%2Fwp%2Fv2%2Fmedia&parent=70259"}],"wp:term":[{"taxonomy":"category","embeddable":true,"href":"https:\/\/zonaroja.com.mx\/index.php?rest_route=%2Fwp%2Fv2%2Fcategories&post=70259"},{"taxonomy":"post_tag","embeddable":true,"href":"https:\/\/zonaroja.com.mx\/index.php?rest_route=%2Fwp%2Fv2%2Ftags&post=70259"}],"curies":[{"name":"wp","href":"https:\/\/api.w.org\/{rel}","templated":true}]}}