{"id":70267,"date":"2024-07-10T20:48:59","date_gmt":"2024-07-11T02:48:59","guid":{"rendered":"https:\/\/zonaroja.com.mx\/?p=70267"},"modified":"2024-07-10T20:49:00","modified_gmt":"2024-07-11T02:49:00","slug":"fiscalia-y-gobierno-de-oaxaca-desmienten-secuestro-de-ninos-en-el-estado","status":"publish","type":"post","link":"https:\/\/zonaroja.com.mx\/?p=70267","title":{"rendered":"Fiscal\u00eda y gobierno de Oaxaca desmienten secuestro de ni\u00f1os en el estado"},"content":{"rendered":"\n<p>Raymundo Morales\/Zona Roja.<\/p>\n\n\n\n<p>Oaxaca de Ju\u00e1rez, Oax., a 10 de julio de 2024.- Por separado, la Fiscal\u00eda General del Estado y el gobierno de Oaxaca desmintieron que haya grupos de secuestradores de ni\u00f1os para tr\u00e1fico de \u00f3rganos, como han denunciado diversas comunidades.<\/p>\n\n\n\n<p>Y es que en las \u00faltimas horas se dieron a conocer oficios de Santa Mar\u00eda Alotepec Mixe y de San Isidro Huay\u00e1pam, en que advierten a la poblaci\u00f3n acerca de esta situaci\u00f3n e incluso, en el primer caso, impusieron un toque de queda.<\/p>\n\n\n\n<p>\u201cEs un mensaje que no nada m\u00e1s ha estado circulando en la Sierra Norte; empez\u00f3 primero en la regi\u00f3n de la Cuenca despu\u00e9s en el Istmo; hemos sacado incluso comunicados para tratar de tranquilizar a la gente.<\/p>\n\n\n\n<p>\u201cNo existe eso; es un tema que se est\u00e1 generando a trav\u00e9s de redes; justamente hemos mandado mensajes de tranquilidad; se dice incluso hay una red de personas para el tr\u00e1fico de \u00f3rganos, no existen; simplemente est\u00e1n tratando de generar inestabilidad\u201d, dijo el fiscal Bernardo Rodr\u00edguez Alamilla.<\/p>\n\n\n\n<p>En tanto en un comunicado de prensa, la Fiscal\u00eda General expuso que, como parte de las acciones de inteligencia que permiten detectar objetivos generadores de violencia, as\u00ed como de las labores que contribuyan a garantizar la paz y seguridad en las ocho regiones de la entidad, estableci\u00f3 que son falsos los mensajes difundidos a trav\u00e9s de diferentes plataformas digitales y redes sociales en los que reportan la supuesta existencia de una banda delictiva dedicada al secuestro y tr\u00e1fico de \u00f3rganos operando en varias partes del estado.<\/p>\n\n\n\n<p>\u201cLo anterior, debido a que en los \u00faltimos d\u00edas se han detectado una serie de mensajes difundidos mediante diferentes plataformas digitales y redes sociales, en los cuales se especula sobre la supuesta presencia de una red dedicada al secuestro y tr\u00e1fico de \u00f3rganos en diferentes comunidades del estado, lo cual ha llegado a generar p\u00e1nico entre la poblaci\u00f3n.<\/p>\n\n\n\n<p>\u201cA partir de estos mensajes, la FGEO inici\u00f3 las indagatorias que permiten asegurar que no existe ning\u00fan registro ni denuncia penal por este delito en la entidad.<\/p>\n\n\n\n<p>\u201cAnte ello, la FGEO fortalece el trabajo de vigilancia y recorridos en toda la entidad, para brindar certeza y seguridad a la ciudadan\u00eda oaxaque\u00f1a\u201d.<\/p>\n\n\n\n<p>Por otra parte, durante la conferencia de prensa en materia de seguridad, celebrada en el Palacio de Gobierno de Oaxaca este mi\u00e9rcoles, autoridades estatales tambi\u00e9n desmintieron las versiones acerca de secuestradores de ni\u00f1os.<\/p>\n\n\n\n<p>\u201cGrupos armados delictivos como tal, no; si hay grupos que en su momento por seguimiento en otros a\u00f1os se dedicaban a actividades delictivas, pero realmente como grupo delictivo que est\u00e9 operando en la zona, definitivamente no.<\/p>\n\n\n\n<p>\u201cLo que es importante es no hacer comunicados sin tener las bases suficientes\u201d, dijo el secretario de Seguridad P\u00fablica, Iv\u00e1n Garc\u00eda \u00c1lvarez.<\/p>\n\n\n\n<p>\u201cEs un no rotundo. No hay necesidad de toque de queda en Alotepec, invito al presidente municipal y a la comunidad a que dejen de lado el temor\u201d, manifest\u00f3 el secretario de Gobierno, Jes\u00fas Romero L\u00f3pez.<\/p>\n","protected":false},"excerpt":{"rendered":"<p>Raymundo Morales\/Zona Roja. Oaxaca de Ju\u00e1rez, Oax., a 10 de julio de 2024.- Por separado,&hellip;<\/p>\n","protected":false},"author":2,"featured_media":70268,"comment_status":"closed","ping_status":"open","sticky":false,"template":"","format":"standard","meta":{"_lmt_disableupdate":"","_lmt_disable":"","_jetpack_memberships_contains_paid_content":false,"footnotes":""},"categories":[109,47],"tags":[],"class_list":["post-70267","post","type-post","status-publish","format-standard","has-post-thumbnail","hentry","category-minuto-a-minuto","category-zona-gris"],"jetpack_featured_media_url":"https:\/\/zonaroja.com.mx\/wp-content\/uploads\/2024\/07\/Conferencia-de-prensa-seguridad-gobierno.jpeg","jetpack_sharing_enabled":true,"_links":{"self":[{"href":"https:\/\/zonaroja.com.mx\/index.php?rest_route=\/wp\/v2\/posts\/70267","targetHints":{"allow":["GET"]}}],"collection":[{"href":"https:\/\/zonaroja.com.mx\/index.php?rest_route=\/wp\/v2\/posts"}],"about":[{"href":"https:\/\/zonaroja.com.mx\/index.php?rest_route=\/wp\/v2\/types\/post"}],"author":[{"embeddable":true,"href":"https:\/\/zonaroja.com.mx\/index.php?rest_route=\/wp\/v2\/users\/2"}],"replies":[{"embeddable":true,"href":"https:\/\/zonaroja.com.mx\/index.php?rest_route=%2Fwp%2Fv2%2Fcomments&post=70267"}],"version-history":[{"count":1,"href":"https:\/\/zonaroja.com.mx\/index.php?rest_route=\/wp\/v2\/posts\/70267\/revisions"}],"predecessor-version":[{"id":70269,"href":"https:\/\/zonaroja.com.mx\/index.php?rest_route=\/wp\/v2\/posts\/70267\/revisions\/70269"}],"wp:featuredmedia":[{"embeddable":true,"href":"https:\/\/zonaroja.com.mx\/index.php?rest_route=\/wp\/v2\/media\/70268"}],"wp:attachment":[{"href":"https:\/\/zonaroja.com.mx\/index.php?rest_route=%2Fwp%2Fv2%2Fmedia&parent=70267"}],"wp:term":[{"taxonomy":"category","embeddable":true,"href":"https:\/\/zonaroja.com.mx\/index.php?rest_route=%2Fwp%2Fv2%2Fcategories&post=70267"},{"taxonomy":"post_tag","embeddable":true,"href":"https:\/\/zonaroja.com.mx\/index.php?rest_route=%2Fwp%2Fv2%2Ftags&post=70267"}],"curies":[{"name":"wp","href":"https:\/\/api.w.org\/{rel}","templated":true}]}}