{"id":7027,"date":"2019-12-27T09:31:12","date_gmt":"2019-12-27T15:31:12","guid":{"rendered":"http:\/\/www.zonaroja.com.mx\/?p=7027"},"modified":"2019-12-27T09:31:16","modified_gmt":"2019-12-27T15:31:16","slug":"suman-15-muertos-y-66-heridos-por-avionazo-en-kazajistan","status":"publish","type":"post","link":"https:\/\/zonaroja.com.mx\/?p=7027","title":{"rendered":"Suman 15 muertos y 66 heridos por avionazo en Kazajist\u00e1n"},"content":{"rendered":"\n<p>Redaci\u00f3n\/Zona Roja Cdmx.<\/p>\n\n\n\n<p>Ciudad de M\u00e9xico, 27 de diciembre de\n2019.- De 15 muertos y 66 lesionados es el saldo del accidente ocurrido a un\navi\u00f3n cerca del aeropuerto de Almaty, en Kazajist\u00e1n, ocurrido este jueves.&nbsp; <\/p>\n\n\n\n<p>El accidente tuvo lugar poco despu\u00e9s de\nque el avi\u00f3n despegara del aeropuerto internacional de Almaty y con destino\nAstan\u00e1 (Kazajist\u00e1n) y seg\u00fan inform\u00f3 el jefe del Departamento de Sanidad de\nAlmaty, de las 98 personas que viajaban en el avi\u00f3n, al menos 15 han muerto.<\/p>\n\n\n\n<p>La aeronave Fokker-100 de la compa\u00f1\u00eda\nBek Air, con 95 pasajeros y cinco miembros de la tripulaci\u00f3n, despeg\u00f3 del\naeropuerto a las 07:05 hora local (01:05 GMT) rumbo a Nursult\u00e1n, la capital del\npa\u00eds, y desapareci\u00f3 de los radares.<\/p>\n\n\n\n<p>Las autoridades de Kazajist\u00e1n se\u00f1alaron\nque el avi\u00f3n perdi\u00f3 altitud poco despu\u00e9s de despegar y se estrell\u00f3 contra un\nedificio de dos pisos en una zona residencial. No hay fuego activo en el lugar\ndel accidente.<\/p>\n\n\n\n<p>Por su parte, el Papa Francisco envi\u00f3\nun mensaje de p\u00e9same a los familiares de las 15 v\u00edctimas del accidente a\u00e9reo en\nAlmaty, en Kazajist\u00e1n.<\/p>\n\n\n\n<p>El pont\u00edfice manifest\u00f3 que reza\nespecialmente por el eterno descanso de los fallecidos y por la curaci\u00f3n de los\nheridos.<\/p>\n\n\n\n<p>El Papa invoc\u00f3 la fuerza y la Paz de\nDios Todopoderoso especialmente para los involucrados en Los esfuerzos de\nrescate y recuperaci\u00f3n de restos.<\/p>\n","protected":false},"excerpt":{"rendered":"<p>Redaci\u00f3n\/Zona Roja Cdmx. Ciudad de M\u00e9xico, 27 de diciembre de 2019.- De 15 muertos y&hellip;<\/p>\n","protected":false},"author":2,"featured_media":7028,"comment_status":"closed","ping_status":"open","sticky":false,"template":"","format":"standard","meta":{"_lmt_disableupdate":"","_lmt_disable":"","_jetpack_memberships_contains_paid_content":false,"footnotes":""},"categories":[109,51],"tags":[1185],"class_list":["post-7027","post","type-post","status-publish","format-standard","has-post-thumbnail","hentry","category-minuto-a-minuto","category-zona-roja","tag-kazajistan"],"jetpack_featured_media_url":"https:\/\/zonaroja.com.mx\/wp-content\/uploads\/2019\/12\/avi\u00f3n.jpg","jetpack_sharing_enabled":true,"_links":{"self":[{"href":"https:\/\/zonaroja.com.mx\/index.php?rest_route=\/wp\/v2\/posts\/7027","targetHints":{"allow":["GET"]}}],"collection":[{"href":"https:\/\/zonaroja.com.mx\/index.php?rest_route=\/wp\/v2\/posts"}],"about":[{"href":"https:\/\/zonaroja.com.mx\/index.php?rest_route=\/wp\/v2\/types\/post"}],"author":[{"embeddable":true,"href":"https:\/\/zonaroja.com.mx\/index.php?rest_route=\/wp\/v2\/users\/2"}],"replies":[{"embeddable":true,"href":"https:\/\/zonaroja.com.mx\/index.php?rest_route=%2Fwp%2Fv2%2Fcomments&post=7027"}],"version-history":[{"count":1,"href":"https:\/\/zonaroja.com.mx\/index.php?rest_route=\/wp\/v2\/posts\/7027\/revisions"}],"predecessor-version":[{"id":7029,"href":"https:\/\/zonaroja.com.mx\/index.php?rest_route=\/wp\/v2\/posts\/7027\/revisions\/7029"}],"wp:featuredmedia":[{"embeddable":true,"href":"https:\/\/zonaroja.com.mx\/index.php?rest_route=\/wp\/v2\/media\/7028"}],"wp:attachment":[{"href":"https:\/\/zonaroja.com.mx\/index.php?rest_route=%2Fwp%2Fv2%2Fmedia&parent=7027"}],"wp:term":[{"taxonomy":"category","embeddable":true,"href":"https:\/\/zonaroja.com.mx\/index.php?rest_route=%2Fwp%2Fv2%2Fcategories&post=7027"},{"taxonomy":"post_tag","embeddable":true,"href":"https:\/\/zonaroja.com.mx\/index.php?rest_route=%2Fwp%2Fv2%2Ftags&post=7027"}],"curies":[{"name":"wp","href":"https:\/\/api.w.org\/{rel}","templated":true}]}}