{"id":70270,"date":"2024-07-10T21:33:32","date_gmt":"2024-07-11T03:33:32","guid":{"rendered":"https:\/\/zonaroja.com.mx\/?p=70270"},"modified":"2024-07-10T21:33:34","modified_gmt":"2024-07-11T03:33:34","slug":"preven-reforma-integral-de-la-constitucion-politica-de-oaxaca","status":"publish","type":"post","link":"https:\/\/zonaroja.com.mx\/?p=70270","title":{"rendered":"Prev\u00e9n reforma integral de la Constituci\u00f3n Pol\u00edtica de Oaxaca\u00a0"},"content":{"rendered":"\n<p>Raymundo Morales\/Zona Roja.&nbsp;<\/p>\n\n\n\n<p>San Raymundo Jalpan, Oax., a 10 de julio de 2024.- Al exhortar a sus pares a redoblar esfuerzos para cerrar fuerte el a\u00f1o legislativo, el presidente de la Junta de Coordinaci\u00f3n Pol\u00edtica del Congreso local, Sergio L\u00f3pez S\u00e1nchez, anunci\u00f3 una reforma integral a la Constituci\u00f3n Pol\u00edtica del Estado.<\/p>\n\n\n\n<p>\u201cHoy se ha hecho referencia de que es importante que en d\u00edas pr\u00f3ximos se pueda discutir en este Congreso del Estado un nuevo constituyente, que podamos debatir entre todos; desde luego, con la ciudadan\u00eda, tengamos la posibilidad de una nueva Constituci\u00f3n local; es importante que participamos y contribuyamos para que Oaxaca siga en la ruta de la transformaci\u00f3n\u201d, dijo.<\/p>\n\n\n\n<p>Durante su participaci\u00f3n en tribuna, al conmemorar el 201 aniversario de la creaci\u00f3n del Congreso local en la entidad, el coordinador de la bancada de Morena llam\u00f3 tambi\u00e9n a las y los legisladores a mantener la unidad y a seguir trabajando desde el Poder Legislativo por el desarrollo del estado.<\/p>\n\n\n\n<p>\u201cA 201 a\u00f1os de la fundaci\u00f3n del Congreso tenemos la tarea, en estos tiempos que estamos viviendo de transformaci\u00f3n, de mantener esta gran unidad y de seguir trabajando por el bien de las y los oaxaque\u00f1os.<\/p>\n\n\n\n<p>\u201cTenemos el gran reto, a prop\u00f3sito de la discusi\u00f3n en el pa\u00eds, de la reforma del Poder Judicial, pero este Congreso del Estado sin duda que no ser\u00e1 ajeno a esta discusi\u00f3n, por ello la invitaci\u00f3n y el llamado a que aportemos, a que se siga dando el debate\u201d, expuso.<\/p>\n\n\n\n<p>En su mensaje, destac\u00f3 que la 65 Legislatura sin duda ha hecho trabajos importantes, reformas trascendentales que han permitido avanzar en el estado, por lo cual invit\u00f3 a seguir dando resultados al pueblo de Oaxaca.<\/p>\n\n\n\n<p>\u201cLo que hoy nuestro pueblo demanda de las y los legisladores es el compromiso de trabajo, de seguir reformando nuestras disposiciones legales para tener un Oaxaca en pleno desarrollo y crecimiento.<\/p>\n\n\n\n<p>\u00abEstamos por terminar este segundo periodo ordinario de sesiones, el 30 de septiembre, y la invitaci\u00f3n es a que participemos a que cerremos fuerte esta Legislatura y que en los hechos demostremos que verdaderamente estamos comprometidos para el avance del estado\u201d, manifest\u00f3.<\/p>\n\n\n\n<p>Durante la sesi\u00f3n ordinaria, tomaron parte tambi\u00e9n representantes de los dem\u00e1s partidos pol\u00edticos, adem\u00e1s de que se exhibi\u00f3 un adelanto del documental con motivo del 201 aniversario de la creaci\u00f3n del Congreso.<\/p>\n\n\n\n<figure class=\"wp-block-embed is-type-rich is-provider-twitter wp-block-embed-twitter\"><div class=\"wp-block-embed__wrapper\">\n<div class=\"twitter-tweet\"><blockquote class=\"twitter-tweet\" data-lang=\"es\"><p lang=\"es\" dir=\"ltr\">Durante la sesi\u00f3n ordinaria del <a href=\"https:\/\/twitter.com\/CongresoOaxaca_?ref_src=twsrc%5Etfw\">@CongresoOaxaca_<\/a> se present\u00f3 un documental sobre los 200 a\u00f1os de la existencia del Congreso en la entidad. <br><br>Tras ello el presidente de la Junta de Coordinaci\u00f3n Pol\u00edtica, <a href=\"https:\/\/twitter.com\/SergioLopez_S?ref_src=twsrc%5Etfw\">@SergioLopez_S<\/a>, resalt\u00f3 la importancia del Poder Legislativo en el desarrollo\u2026 <a href=\"https:\/\/t.co\/YIkIHib5IB\">pic.twitter.com\/YIkIHib5IB<\/a><\/p>&mdash; Zona Roja Oaxaca (@ZonaRoja_Oaxaca) <a href=\"https:\/\/twitter.com\/ZonaRoja_Oaxaca\/status\/1811166027373498516?ref_src=twsrc%5Etfw\">10 de julio de 2024<\/a><\/blockquote><\/div>\n<\/div><\/figure>\n","protected":false},"excerpt":{"rendered":"<p>Raymundo Morales\/Zona Roja.&nbsp; San Raymundo Jalpan, Oax., a 10 de julio de 2024.- Al exhortar&hellip;<\/p>\n","protected":false},"author":2,"featured_media":70271,"comment_status":"closed","ping_status":"open","sticky":false,"template":"","format":"standard","meta":{"_lmt_disableupdate":"","_lmt_disable":"","_jetpack_memberships_contains_paid_content":false,"footnotes":""},"categories":[109,46],"tags":[2743],"class_list":["post-70270","post","type-post","status-publish","format-standard","has-post-thumbnail","hentry","category-minuto-a-minuto","category-zona-blanca","tag-65-legislatura-del-estado-de-oaxaca"],"jetpack_featured_media_url":"https:\/\/zonaroja.com.mx\/wp-content\/uploads\/2024\/07\/Sergio-Lopez-Sanchez-Congreso.jpg","jetpack_sharing_enabled":true,"_links":{"self":[{"href":"https:\/\/zonaroja.com.mx\/index.php?rest_route=\/wp\/v2\/posts\/70270","targetHints":{"allow":["GET"]}}],"collection":[{"href":"https:\/\/zonaroja.com.mx\/index.php?rest_route=\/wp\/v2\/posts"}],"about":[{"href":"https:\/\/zonaroja.com.mx\/index.php?rest_route=\/wp\/v2\/types\/post"}],"author":[{"embeddable":true,"href":"https:\/\/zonaroja.com.mx\/index.php?rest_route=\/wp\/v2\/users\/2"}],"replies":[{"embeddable":true,"href":"https:\/\/zonaroja.com.mx\/index.php?rest_route=%2Fwp%2Fv2%2Fcomments&post=70270"}],"version-history":[{"count":1,"href":"https:\/\/zonaroja.com.mx\/index.php?rest_route=\/wp\/v2\/posts\/70270\/revisions"}],"predecessor-version":[{"id":70272,"href":"https:\/\/zonaroja.com.mx\/index.php?rest_route=\/wp\/v2\/posts\/70270\/revisions\/70272"}],"wp:featuredmedia":[{"embeddable":true,"href":"https:\/\/zonaroja.com.mx\/index.php?rest_route=\/wp\/v2\/media\/70271"}],"wp:attachment":[{"href":"https:\/\/zonaroja.com.mx\/index.php?rest_route=%2Fwp%2Fv2%2Fmedia&parent=70270"}],"wp:term":[{"taxonomy":"category","embeddable":true,"href":"https:\/\/zonaroja.com.mx\/index.php?rest_route=%2Fwp%2Fv2%2Fcategories&post=70270"},{"taxonomy":"post_tag","embeddable":true,"href":"https:\/\/zonaroja.com.mx\/index.php?rest_route=%2Fwp%2Fv2%2Ftags&post=70270"}],"curies":[{"name":"wp","href":"https:\/\/api.w.org\/{rel}","templated":true}]}}