{"id":70275,"date":"2024-07-11T08:30:00","date_gmt":"2024-07-11T14:30:00","guid":{"rendered":"https:\/\/zonaroja.com.mx\/?p=70275"},"modified":"2024-07-11T07:21:06","modified_gmt":"2024-07-11T13:21:06","slug":"registra-la-region-costa-tres-personas-asesinadas-a-balazos","status":"publish","type":"post","link":"https:\/\/zonaroja.com.mx\/?p=70275","title":{"rendered":"Registra la regi\u00f3n Costa tres personas asesinadas a balazos"},"content":{"rendered":"\n<p>Raymundo Morales\/Zona Roja.<\/p>\n\n\n\n<p>Oaxaca de Ju\u00e1rez, Oax., a 11 de julio de 2024.- Tres personas fueron asesinadas este mi\u00e9rcoles en Oaxaca, en hechos distintos ocurridos en la regi\u00f3n Costa.<\/p>\n\n\n\n<p>Anoche, en el bulevar de acceso de San Pedro Pochutla, cerca del centro, fue ejecutado a balazos un motociclista.<\/p>\n\n\n\n<p>Sujetos armados le dispararon de manera directa a quien fue identificado de manera preliminar como \u00c1ngel Jer\u00f3nimo \u201cN\u201d, tras lo cual huyeron; la polic\u00eda no logr\u00f3 detener a los presuntos homicidas.<\/p>\n\n\n\n<p>Mientras tanto en la localidad de Santa Elena Comaltepec, perteneciente al municipio de Santiago Jamiltepec, fue ultimado a balazos un ganadero, de aproximadamente 33 a\u00f1os de edad.<\/p>\n\n\n\n<p>La v\u00edctima, identificada como Omar Ulises B., viajaba a bordo de su unidad de motor, cuando fue atacada a balazos; la autoridad municipal no arrib\u00f3 a tiempo a la escena, por lo cual no hay personas detenidas.<\/p>\n\n\n\n<p>Otro crimen se registr\u00f3 tambi\u00e9n ayer pero en la poblaci\u00f3n de El Salto, donde fue hallado un cuerpo sin vida, a\u00fan no identificado, que presenta disparos de arma de fuego.<\/p>\n\n\n\n<p>Por otra parte, en la agencia Bah\u00eda La Ventosa de Salina Cruz, municipio de la regi\u00f3n del Istmo, se registr\u00f3 anoche un ataque armado en contra de un taxista, quien fue trasladado a un hospital; del o los agresores, no hay ninguna pista.<\/p>\n","protected":false},"excerpt":{"rendered":"<p>Raymundo Morales\/Zona Roja. Oaxaca de Ju\u00e1rez, Oax., a 11 de julio de 2024.- Tres personas&hellip;<\/p>\n","protected":false},"author":2,"featured_media":67753,"comment_status":"closed","ping_status":"open","sticky":false,"template":"","format":"standard","meta":{"_lmt_disableupdate":"","_lmt_disable":"","_jetpack_memberships_contains_paid_content":false,"footnotes":""},"categories":[109,51],"tags":[797],"class_list":["post-70275","post","type-post","status-publish","format-standard","has-post-thumbnail","hentry","category-minuto-a-minuto","category-zona-roja","tag-santiago-jamiltepec"],"jetpack_featured_media_url":"https:\/\/zonaroja.com.mx\/wp-content\/uploads\/2024\/04\/Escena-de-investigacion-crimen.jpg","jetpack_sharing_enabled":true,"_links":{"self":[{"href":"https:\/\/zonaroja.com.mx\/index.php?rest_route=\/wp\/v2\/posts\/70275","targetHints":{"allow":["GET"]}}],"collection":[{"href":"https:\/\/zonaroja.com.mx\/index.php?rest_route=\/wp\/v2\/posts"}],"about":[{"href":"https:\/\/zonaroja.com.mx\/index.php?rest_route=\/wp\/v2\/types\/post"}],"author":[{"embeddable":true,"href":"https:\/\/zonaroja.com.mx\/index.php?rest_route=\/wp\/v2\/users\/2"}],"replies":[{"embeddable":true,"href":"https:\/\/zonaroja.com.mx\/index.php?rest_route=%2Fwp%2Fv2%2Fcomments&post=70275"}],"version-history":[{"count":1,"href":"https:\/\/zonaroja.com.mx\/index.php?rest_route=\/wp\/v2\/posts\/70275\/revisions"}],"predecessor-version":[{"id":70276,"href":"https:\/\/zonaroja.com.mx\/index.php?rest_route=\/wp\/v2\/posts\/70275\/revisions\/70276"}],"wp:featuredmedia":[{"embeddable":true,"href":"https:\/\/zonaroja.com.mx\/index.php?rest_route=\/wp\/v2\/media\/67753"}],"wp:attachment":[{"href":"https:\/\/zonaroja.com.mx\/index.php?rest_route=%2Fwp%2Fv2%2Fmedia&parent=70275"}],"wp:term":[{"taxonomy":"category","embeddable":true,"href":"https:\/\/zonaroja.com.mx\/index.php?rest_route=%2Fwp%2Fv2%2Fcategories&post=70275"},{"taxonomy":"post_tag","embeddable":true,"href":"https:\/\/zonaroja.com.mx\/index.php?rest_route=%2Fwp%2Fv2%2Ftags&post=70275"}],"curies":[{"name":"wp","href":"https:\/\/api.w.org\/{rel}","templated":true}]}}