{"id":70277,"date":"2024-07-11T09:30:00","date_gmt":"2024-07-11T15:30:00","guid":{"rendered":"https:\/\/zonaroja.com.mx\/?p=70277"},"modified":"2024-07-11T08:58:51","modified_gmt":"2024-07-11T14:58:51","slug":"por-dedazo-actual-secretaria-de-gobernacion-sera-dirigente-de-morena","status":"publish","type":"post","link":"https:\/\/zonaroja.com.mx\/?p=70277","title":{"rendered":"Por \u201cdedazo\u201d, actual secretaria de Gobernaci\u00f3n ser\u00e1 dirigente de Morena"},"content":{"rendered":"\n<p>Redacci\u00f3n\/Zona Roja Cdmx.<\/p>\n\n\n\n<p>Ciudad de M\u00e9xico, a 11 de julio de 2024.- Un d\u00eda despu\u00e9s de que levantara la mano Luisa Mar\u00eda Alcalde, secretaria de Gobernaci\u00f3n, recibi\u00f3 dos respaldos clave para ser la pr\u00f3xima presidenta de Morena; una vez que Mario Delgado finalice su mandato el 31 de octubre pr\u00f3ximo.<\/p>\n\n\n\n<p>La pr\u00f3xima presidenta, Claudia Sheinbaum, respald\u00f3 a la secretaria de Estado, pues dijo que \u201ctiene la mejor de las opiniones\u201d de ella, pero especific\u00f3 que ser\u00e1n los militantes de Morena quienes elijan a su pr\u00f3xima dirigente.<\/p>\n\n\n\n<p>\u201cHa sido secretaria de Estado, pero al mismo tiempo trabaj\u00f3 tocando casa por casa, estuvo encargada de J\u00f3venes de Morena, viene de Morena. Tengo la mejor de la opiniones, pero as\u00ed como tengo buena opini\u00f3n, la decisi\u00f3n de qui\u00e9n debe encabezar Morena es de Morena\u201d, coment\u00f3 Sheinbaum.<\/p>\n\n\n\n<p>Citlalli Hern\u00e1ndez, quien sonaba para dirigir Morena, coment\u00f3 que no participar\u00e1 en ese proceso, pues asever\u00f3 que es necesario que el cambio de la presidencia sea en consenso y en unidad para acompa\u00f1ar a la pr\u00f3xima presidenta.<\/p>\n\n\n\n<p>\u201cFui muy clara el s\u00e1bado con los compa\u00f1eros que si Luisa iba al partido yo no iba a participar. Lo comparto ahora: no participar\u00e9, porque me parece que en este momento necesitamos que el cambio de dirigencia sea terso, en unidad, en consenso. Luisa y yo tenemos mucho en com\u00fan. Ella tiene 36 a\u00f1os y yo tengo 34. Las dos nacimos en Morena, no venimos de ning\u00fan antecedente partidista\u201d, dijo en una entrevista con Sin Embargo.<\/p>\n\n\n\n<p>Coment\u00f3 que en los pr\u00f3ximos d\u00edas se reunir\u00e1 con Luisa Mar\u00eda Alcalde y le compartir\u00e1 lo que cree que se puede cambiar en el partido, ya que considera que conoce las \u201centra\u00f1as\u201d de ese organismo pol\u00edtico que surgi\u00f3 en 2014.<\/p>\n\n\n\n<p>\u201cEstoy muy tranquila que Luisa pueda ser la pr\u00f3xima presidenta del partido, porque me parece que tendr\u00e1 claro lo que se necesita para la siguiente etapa. Le compartir\u00e9 lo que pienso que hay que cambiar; conozco las entra\u00f1as del partido estos cuatro a\u00f1os que estuve\u201d, declar\u00f3.<\/p>\n\n\n\n<p>(Informaci\u00f3n de \u201cExpansi\u00f3n Pol\u00edtica\u201d)<\/p>\n","protected":false},"excerpt":{"rendered":"<p>Redacci\u00f3n\/Zona Roja Cdmx. Ciudad de M\u00e9xico, a 11 de julio de 2024.- Un d\u00eda despu\u00e9s&hellip;<\/p>\n","protected":false},"author":2,"featured_media":70278,"comment_status":"closed","ping_status":"open","sticky":false,"template":"","format":"standard","meta":{"_lmt_disableupdate":"","_lmt_disable":"","_jetpack_memberships_contains_paid_content":false,"footnotes":""},"categories":[109,47],"tags":[3585],"class_list":["post-70277","post","type-post","status-publish","format-standard","has-post-thumbnail","hentry","category-minuto-a-minuto","category-zona-gris","tag-luisa-maria-alcalde"],"jetpack_featured_media_url":"https:\/\/zonaroja.com.mx\/wp-content\/uploads\/2024\/07\/Luisa-Maria-Alcalde-Morena.webp","jetpack_sharing_enabled":true,"_links":{"self":[{"href":"https:\/\/zonaroja.com.mx\/index.php?rest_route=\/wp\/v2\/posts\/70277","targetHints":{"allow":["GET"]}}],"collection":[{"href":"https:\/\/zonaroja.com.mx\/index.php?rest_route=\/wp\/v2\/posts"}],"about":[{"href":"https:\/\/zonaroja.com.mx\/index.php?rest_route=\/wp\/v2\/types\/post"}],"author":[{"embeddable":true,"href":"https:\/\/zonaroja.com.mx\/index.php?rest_route=\/wp\/v2\/users\/2"}],"replies":[{"embeddable":true,"href":"https:\/\/zonaroja.com.mx\/index.php?rest_route=%2Fwp%2Fv2%2Fcomments&post=70277"}],"version-history":[{"count":1,"href":"https:\/\/zonaroja.com.mx\/index.php?rest_route=\/wp\/v2\/posts\/70277\/revisions"}],"predecessor-version":[{"id":70279,"href":"https:\/\/zonaroja.com.mx\/index.php?rest_route=\/wp\/v2\/posts\/70277\/revisions\/70279"}],"wp:featuredmedia":[{"embeddable":true,"href":"https:\/\/zonaroja.com.mx\/index.php?rest_route=\/wp\/v2\/media\/70278"}],"wp:attachment":[{"href":"https:\/\/zonaroja.com.mx\/index.php?rest_route=%2Fwp%2Fv2%2Fmedia&parent=70277"}],"wp:term":[{"taxonomy":"category","embeddable":true,"href":"https:\/\/zonaroja.com.mx\/index.php?rest_route=%2Fwp%2Fv2%2Fcategories&post=70277"},{"taxonomy":"post_tag","embeddable":true,"href":"https:\/\/zonaroja.com.mx\/index.php?rest_route=%2Fwp%2Fv2%2Ftags&post=70277"}],"curies":[{"name":"wp","href":"https:\/\/api.w.org\/{rel}","templated":true}]}}