{"id":70280,"date":"2024-07-11T12:58:00","date_gmt":"2024-07-11T18:58:00","guid":{"rendered":"https:\/\/zonaroja.com.mx\/?p=70280"},"modified":"2024-07-11T09:03:22","modified_gmt":"2024-07-11T15:03:22","slug":"opinion-la-ciencia-en-oaxaca","status":"publish","type":"post","link":"https:\/\/zonaroja.com.mx\/?p=70280","title":{"rendered":"Opini\u00f3n. La ciencia en Oaxaca"},"content":{"rendered":"\n<p>N\u00e9stor Y. S\u00e1nchez Islas<\/p>\n\n\n\n<p class=\"has-text-align-right\"><em>Con mi apoyo\u00a0y solidaridad para con El Imparcial, su equipo directivo y cuerpo de colaboradores que lo hacen posible todos los d\u00edas, a pesar de todo.<\/em><\/p>\n\n\n\n<p>\u201cOaxaca es el ombligo cultural de M\u00e9xico\u201d, es una frase que algunas veces llevamos al extremo. Somos tierra de cultura y tradiciones. Hacemos todos los d\u00edas un incansable eco de nuestro pasado ind\u00edgena, del colonial y del mestizaje resultante que se expresa a trav\u00e9s de la cultura popular que hemos construido: un mezcal, una tlayuda o un vestido de tehuana.<\/p>\n\n\n\n<p>Estamos tan inmersos dentro de esas expresiones que se ha pasado por alto que el concepto de cultura ha cambiado y, en la actualidad, la ciencia se considera parte indisoluble de ella. Una consecuencia de ese extrav\u00edo es&nbsp;un profundo desequilibrio informativo que, por un&nbsp;lado,&nbsp;llena planas de medios y horas de videos hablando de Guelaguetza, gastronom\u00eda, artesan\u00edas o pintura. Sin embargo, pocos o nadie hace caso de quienes en Oaxaca realizan trabajos de investigaci\u00f3n de car\u00e1cter cient\u00edfico. El avasallamiento del folclor dej\u00f3 sin voz a los mejores estudiantes oaxaque\u00f1os, aquellos que, a pesar de todas las carencias y de la p\u00e9sima calidad de la educaci\u00f3n p\u00fablica, realizan investigaci\u00f3n cient\u00edfica en ramas que van de la gen\u00e9tica a la econom\u00eda solidaria, de las matem\u00e1ticas a la astrof\u00edsica.<\/p>\n\n\n\n<p>Gracias a la generosidad de EL IMPARCIAL, que nos abri\u00f3 sus p\u00e1ginas a manera de apoyo para la difusi\u00f3n de la ciencia en Oaxaca, estamos por cumplir un a\u00f1o de publicar las investigaciones de estos j\u00f3venes cient\u00edficos que cursan sus estudios en instituciones de Oaxaca. Es un hecho que, fuera del \u00e1mbito de la Academia, muy pocos saben que a lo largo y ancho de nuestro estado existen cient\u00edficos realizando investigaciones.<\/p>\n\n\n\n<p>La ciencia ha sido tradicionalmente vista&nbsp;no solo en Oaxaca sino en M\u00e9xico&nbsp;como una actividad neutral,&nbsp;objetiva, dedicada a la b\u00fasqueda de la verdad y la comprensi\u00f3n del mundo natural&nbsp;y ajena al p\u00fablico en general. Sin embargo, en las \u00faltimas d\u00e9cadas, ha habido un creciente reconocimiento de que la ciencia tambi\u00e9n es una construcci\u00f3n social, moldeada por los valores, las creencias y las relaciones de poder de la sociedad en la que se produce. A partir de esta perspectiva, la ciencia puede ser vista como una herramienta poderosa para la reivindicaci\u00f3n social, con el potencial de desafiar las injusticias y construir un mundo m\u00e1s justo y equitativo.<\/p>\n\n\n\n<p>A lo largo de este tiempo nos hemos encontrado j\u00f3venes muy interesantes, de entre ellos, una gran cantidad de mujeres. La gran mayor\u00eda son de comunidades del interior del estado, algunas veces de pueblos tan peque\u00f1os que no aparecen en los mapas. Todos ellos tienen varias cosas en com\u00fan: vienen de familias de pocos recursos y sus estudios han sido en escuelas p\u00fablicas; el gusto por el estudio y la ciencia ha sido inculcado en familia; todos se quejan de la p\u00e9sima educaci\u00f3n de nivel b\u00e1sico y del abandono de estas escuelas&nbsp;y sus&nbsp;talleres y laboratorios en las que a veces no hay ni computadoras&nbsp;ni&nbsp;mucho menos un microscopio; varios de ellos tienen al espa\u00f1ol como segunda lengua, su idioma materno es alguna&nbsp;lengua ind\u00edgena.&nbsp;No es&nbsp;mentira, pero para algunos doctorandos fue hasta la universidad que pudieron entrar en contacto con una computadora con internet.<\/p>\n\n\n\n<p>Y tambi\u00e9n nos hemos encontrado con el valioso apoyo de instituciones, como lo es el SUNEO, la UNAM, el TecNM-Oaxaca (Antiguo ITO) y el CIIDIR-IPN, aunque tambi\u00e9n del desprecio de la UABJO y algunos de sus&nbsp;pedantes acad\u00e9micos. Desafortunadamente la UABJO est\u00e1 m\u00e1s enfocada en la grilla pol\u00edtica&nbsp;y sindicalque en el trabajo universitario.<\/p>\n\n\n\n<p>La ciencia es un camino para la reivindicaci\u00f3n social y de lucha contra la pobreza, el hambre, la salud, el cambio clim\u00e1tico y, en el caso concreto de Oaxaca, el empoderamiento de la mujer y de comunidades que, al recibir a estos investigadores, reciben el beneficio de sus investigaciones. Para estos brillantes estudiantes, cursar&nbsp;estos altos estudios en su propia tierra es su contribuci\u00f3n para la construcci\u00f3n de un mundo m\u00e1s justo.<\/p>\n\n\n\n<p>M\u00e9xico, y Oaxaca en particular, necesita mucho desarrollo cient\u00edfico y tecnol\u00f3gico. Los recursos de que disponen son limitados pero sus mentes no. Algunos de ellos, como los matem\u00e1ticos y f\u00edsicos en formaci\u00f3n son parte de proyectos internacionales de investigaci\u00f3n. Nuestra primera&nbsp;doctora en&nbsp;ingeniera gen\u00e9tica trabajando por encontrar un&nbsp;medicamento&nbsp;para la&nbsp;tuberculosis&nbsp;y quienes investigan&nbsp;para desarrollar pruebas de laboratorio m\u00e1s efectivas para identificar los casos de dengue grave antes de que se agraven. Igual tenemos a la mejor investigadora a nivel nacional de sip\u00fanculos (gusanos) marinos&nbsp;o una destacada cient\u00edfica en Tuxtepec cuyos trabajos ayudan al rescate de la vainilla&nbsp;para volver a convertir a M\u00e9xico, pa\u00eds de&nbsp;su&nbsp;origen, nuevamente como el productor de la&nbsp;vaina de mejor calidad.<\/p>\n\n\n\n<p>A ellos el Estado casi nada les da; a los agitadores hasta maletas&nbsp;con&nbsp;dinero en efectivo.<\/p>\n\n\n\n<p>nestoryuri@yahoo.com<\/p>\n","protected":false},"excerpt":{"rendered":"<p>N\u00e9stor Y. S\u00e1nchez Islas Con mi apoyo\u00a0y solidaridad para con El Imparcial, su equipo directivo&hellip;<\/p>\n","protected":false},"author":2,"featured_media":67897,"comment_status":"closed","ping_status":"open","sticky":false,"template":"","format":"standard","meta":{"_lmt_disableupdate":"","_lmt_disable":"","_jetpack_memberships_contains_paid_content":false,"footnotes":""},"categories":[456,109],"tags":[3050],"class_list":["post-70280","post","type-post","status-publish","format-standard","has-post-thumbnail","hentry","category-columna","category-minuto-a-minuto","tag-nestor-yuri-sanchez"],"jetpack_featured_media_url":"https:\/\/zonaroja.com.mx\/wp-content\/uploads\/2024\/05\/Opinion-Nestor-Yuri-Sanchez.jpeg","jetpack_sharing_enabled":true,"_links":{"self":[{"href":"https:\/\/zonaroja.com.mx\/index.php?rest_route=\/wp\/v2\/posts\/70280","targetHints":{"allow":["GET"]}}],"collection":[{"href":"https:\/\/zonaroja.com.mx\/index.php?rest_route=\/wp\/v2\/posts"}],"about":[{"href":"https:\/\/zonaroja.com.mx\/index.php?rest_route=\/wp\/v2\/types\/post"}],"author":[{"embeddable":true,"href":"https:\/\/zonaroja.com.mx\/index.php?rest_route=\/wp\/v2\/users\/2"}],"replies":[{"embeddable":true,"href":"https:\/\/zonaroja.com.mx\/index.php?rest_route=%2Fwp%2Fv2%2Fcomments&post=70280"}],"version-history":[{"count":1,"href":"https:\/\/zonaroja.com.mx\/index.php?rest_route=\/wp\/v2\/posts\/70280\/revisions"}],"predecessor-version":[{"id":70281,"href":"https:\/\/zonaroja.com.mx\/index.php?rest_route=\/wp\/v2\/posts\/70280\/revisions\/70281"}],"wp:featuredmedia":[{"embeddable":true,"href":"https:\/\/zonaroja.com.mx\/index.php?rest_route=\/wp\/v2\/media\/67897"}],"wp:attachment":[{"href":"https:\/\/zonaroja.com.mx\/index.php?rest_route=%2Fwp%2Fv2%2Fmedia&parent=70280"}],"wp:term":[{"taxonomy":"category","embeddable":true,"href":"https:\/\/zonaroja.com.mx\/index.php?rest_route=%2Fwp%2Fv2%2Fcategories&post=70280"},{"taxonomy":"post_tag","embeddable":true,"href":"https:\/\/zonaroja.com.mx\/index.php?rest_route=%2Fwp%2Fv2%2Ftags&post=70280"}],"curies":[{"name":"wp","href":"https:\/\/api.w.org\/{rel}","templated":true}]}}