{"id":70285,"date":"2024-07-11T09:26:35","date_gmt":"2024-07-11T15:26:35","guid":{"rendered":"https:\/\/zonaroja.com.mx\/?p=70285"},"modified":"2024-07-11T09:26:37","modified_gmt":"2024-07-11T15:26:37","slug":"cada-vez-peor-sesion-inicio-con-21-legisladores-y-termino-con-16","status":"publish","type":"post","link":"https:\/\/zonaroja.com.mx\/?p=70285","title":{"rendered":"Cada vez peor: sesi\u00f3n inici\u00f3 con 21 legisladores\u2026 y termin\u00f3 con 16"},"content":{"rendered":"\n<p>Ismael Garc\u00eda M.\/Zona Roja.<\/p>\n\n\n\n<p>Oaxaca de Ju\u00e1rez, Oax., a 11 de julio de 2024.- Desinter\u00e9s total.<\/p>\n\n\n\n<p>La sesi\u00f3n ordinaria del Congreso del Estado, programada a las 11:00 horas, inici\u00f3 con m\u00e1s de dos horas de retraso y con apenas 21 legisladores, seg\u00fan el tablero digital\u2026 y termin\u00f3 con 16 asistentes.<\/p>\n\n\n\n<p>La raz\u00f3n: desidia del presidente de la Mesa Directiva, el ex priista Samuel Gurri\u00f3n Mat\u00edas, quien las dos ocasiones anteriores falt\u00f3, pero ni se disculp\u00f3 ni ofreci\u00f3 explicaciones.<\/p>\n\n\n\n<p>A la hora plasmada por reglamento, no hab\u00eda nadie. Fue hasta poco despu\u00e9s de las 12:00 horas que comenzaron a llegar, una de ellas la morenista Juana Aguilar, quien la vez pasada ocup\u00f3 el lugar de Gurri\u00f3n en la mesa.<\/p>\n\n\n\n<p>Y fue ella precisamente una de las primeras en insistir en que se iniciara la sesi\u00f3n y hasta exhort\u00f3 al ahora verdeecologista Samuel Gurri\u00f3n, quien pl\u00e1cidamente se pas\u00f3 m\u00e1s de una hora platique y platique.<\/p>\n\n\n\n<p>\u2014Llevamos dos horas de retraso \u2014solt\u00f3 Juana Aguilar.<\/p>\n\n\n\n<p>\u2014Te vas un mes y todav\u00eda no quieres empezar Samy \u2014agreg\u00f3 Liz Arroyo.<\/p>\n\n\n\n<p>\u2014Juanita, por favor asume tu responsabilidad, coordina esta mesa \u2014dijo Horacio Sosa.<\/p>\n\n\n\n<p>Fue hasta entonces en que Samuel Gurri\u00f3n subi\u00f3 a presidir la Mesa Directiva, pero s\u00f3lo para justificar: \u201ccreo que vamos a suspender la sesi\u00f3n porque no hay qu\u00f3rum\u201d.<\/p>\n\n\n\n<p>\u2014Presidente, por la tarde la virtual, si no, haz sonar la campanita \u2014abund\u00f3 Sosa Villavicencio.<\/p>\n\n\n\n<p>\u2014Ya Samuel ya hay qu\u00f3rum \u2014reforz\u00f3 Sergio L\u00f3pez S\u00e1nchez.<\/p>\n\n\n\n<p>\u2014Presidente por favor hay que tomar eso porque cada vez acuden menos. \u2014solt\u00f3 de nuevo Liz Arroyo.<\/p>\n\n\n\n<p>Fue hasta la una de la tarde con 15 minutos en que, tras llegar a las 21 asistencias, por fin se dio inicio a la asamblea legislativa; corriendo entraron Alejandro Avil\u00e9s y Mar\u00eda Luisa Matus, para sumar 23 y al final a lo mucho llegaron 24.<\/p>\n\n\n\n<p>Por escrito solicitaron permiso Mariana Ben\u00edtez, Reyna Victoria Jim\u00e9nez, Denisse Garc\u00eda, Laura Estrada Mauro, Nancy Ben\u00edtez, Luisa Cort\u00e9s Garc\u00eda, Rosalinda L\u00f3pez, Freddy Gil, V\u00edctor Ra\u00fal Hern\u00e1ndez, Luis Alfonso Silva y Leonardo D\u00edaz.<\/p>\n\n\n\n<p>Sin embargo, la chorcha sigui\u00f3 durante la sesi\u00f3n que dur\u00f3 alrededor de dos horas, incluyendo puyas entre Samuel Gurri\u00f3n y Horacio Sosa.<\/p>\n\n\n\n<p>Poco a poco se fueron retirando y al final la sesi\u00f3n termin\u00f3 s\u00f3lo con 16 asistentes. Entre reclamos, entre bromas, los que manifestaron al inicio tambi\u00e9n hicieron reclamos al final\u2026 pero sin llegar a acuerdos concretos para tomar medidas sancionadoras.<\/p>\n","protected":false},"excerpt":{"rendered":"<p>Ismael Garc\u00eda M.\/Zona Roja. Oaxaca de Ju\u00e1rez, Oax., a 11 de julio de 2024.- Desinter\u00e9s&hellip;<\/p>\n","protected":false},"author":2,"featured_media":70286,"comment_status":"closed","ping_status":"open","sticky":false,"template":"","format":"standard","meta":{"_lmt_disableupdate":"","_lmt_disable":"","_jetpack_memberships_contains_paid_content":false,"footnotes":""},"categories":[109,47],"tags":[2743],"class_list":["post-70285","post","type-post","status-publish","format-standard","has-post-thumbnail","hentry","category-minuto-a-minuto","category-zona-gris","tag-65-legislatura-del-estado-de-oaxaca"],"jetpack_featured_media_url":"https:\/\/zonaroja.com.mx\/wp-content\/uploads\/2024\/07\/Sesion-Congreso-1.jpg","jetpack_sharing_enabled":true,"_links":{"self":[{"href":"https:\/\/zonaroja.com.mx\/index.php?rest_route=\/wp\/v2\/posts\/70285","targetHints":{"allow":["GET"]}}],"collection":[{"href":"https:\/\/zonaroja.com.mx\/index.php?rest_route=\/wp\/v2\/posts"}],"about":[{"href":"https:\/\/zonaroja.com.mx\/index.php?rest_route=\/wp\/v2\/types\/post"}],"author":[{"embeddable":true,"href":"https:\/\/zonaroja.com.mx\/index.php?rest_route=\/wp\/v2\/users\/2"}],"replies":[{"embeddable":true,"href":"https:\/\/zonaroja.com.mx\/index.php?rest_route=%2Fwp%2Fv2%2Fcomments&post=70285"}],"version-history":[{"count":1,"href":"https:\/\/zonaroja.com.mx\/index.php?rest_route=\/wp\/v2\/posts\/70285\/revisions"}],"predecessor-version":[{"id":70287,"href":"https:\/\/zonaroja.com.mx\/index.php?rest_route=\/wp\/v2\/posts\/70285\/revisions\/70287"}],"wp:featuredmedia":[{"embeddable":true,"href":"https:\/\/zonaroja.com.mx\/index.php?rest_route=\/wp\/v2\/media\/70286"}],"wp:attachment":[{"href":"https:\/\/zonaroja.com.mx\/index.php?rest_route=%2Fwp%2Fv2%2Fmedia&parent=70285"}],"wp:term":[{"taxonomy":"category","embeddable":true,"href":"https:\/\/zonaroja.com.mx\/index.php?rest_route=%2Fwp%2Fv2%2Fcategories&post=70285"},{"taxonomy":"post_tag","embeddable":true,"href":"https:\/\/zonaroja.com.mx\/index.php?rest_route=%2Fwp%2Fv2%2Ftags&post=70285"}],"curies":[{"name":"wp","href":"https:\/\/api.w.org\/{rel}","templated":true}]}}