{"id":70288,"date":"2024-07-11T15:45:08","date_gmt":"2024-07-11T21:45:08","guid":{"rendered":"https:\/\/zonaroja.com.mx\/?p=70288"},"modified":"2024-07-11T15:45:10","modified_gmt":"2024-07-11T21:45:10","slug":"muere-taxista-atacado-a-balazos-anoche-en-salina-cruz","status":"publish","type":"post","link":"https:\/\/zonaroja.com.mx\/?p=70288","title":{"rendered":"Muere taxista atacado a balazos anoche en Salina Cruz"},"content":{"rendered":"\n<p>Raymundo Morales\/Zona Roja. Foto: ADN Sureste.<\/p>\n\n\n\n<p>Oaxaca de Ju\u00e1rez, Oax., a 11 de julio de 2024.- La madrugada de este jueves perdi\u00f3 la vida un taxista, atacado anoche en la agencia Bah\u00eda La Ventosa del municipio de Salina Cruz.<\/p>\n\n\n\n<p>La v\u00edctima fue identificada por las autoridades como Roberto S. A., quien transitaba cerca de la media noche de ayer en una vialidad de dicha agencia municipal.<\/p>\n\n\n\n<p>Tras ello fue trasladado por param\u00e9dicos de la Comisi\u00f3n Nacional de Emergencias a un hospital, donde horas m\u00e1s tarde falleci\u00f3 debido a la gravedad de las lesiones, causadas por al menos seis impactos de arma de fuego.<\/p>\n\n\n\n<p>Ning\u00fan polic\u00eda municipal se hallaba en la zona, por lo cual no hay personas detenidas como responsables de la agresi\u00f3n armada.<\/p>\n\n\n\n<p>Personal de la Vicefiscal\u00eda Regional del Istmo inici\u00f3 las indagatorias correspondientes, con la finalidad de dar con el paradero de los homicidas.<\/p>\n\n\n\n<p>En Salina Cruz cada vez son m\u00e1s continuos los hechos de violencia y cr\u00edmenes, sin que hasta el momento la autoridad municipal, que encabeza el morenista-petista Daniel M\u00e9ndez Sosa, haga algo para mejorar la seguridad de la poblaci\u00f3n de esa ciudad y puerto.<\/p>\n","protected":false},"excerpt":{"rendered":"<p>Raymundo Morales\/Zona Roja. Foto: ADN Sureste. Oaxaca de Ju\u00e1rez, Oax., a 11 de julio de&hellip;<\/p>\n","protected":false},"author":2,"featured_media":70289,"comment_status":"closed","ping_status":"open","sticky":false,"template":"","format":"standard","meta":{"_lmt_disableupdate":"","_lmt_disable":"","_jetpack_memberships_contains_paid_content":false,"footnotes":""},"categories":[109,51],"tags":[168],"class_list":["post-70288","post","type-post","status-publish","format-standard","has-post-thumbnail","hentry","category-minuto-a-minuto","category-zona-roja","tag-salina-cruz"],"jetpack_featured_media_url":"https:\/\/zonaroja.com.mx\/wp-content\/uploads\/2024\/07\/Taxista-asesinado-Salina-Cruz.jpg","jetpack_sharing_enabled":true,"_links":{"self":[{"href":"https:\/\/zonaroja.com.mx\/index.php?rest_route=\/wp\/v2\/posts\/70288","targetHints":{"allow":["GET"]}}],"collection":[{"href":"https:\/\/zonaroja.com.mx\/index.php?rest_route=\/wp\/v2\/posts"}],"about":[{"href":"https:\/\/zonaroja.com.mx\/index.php?rest_route=\/wp\/v2\/types\/post"}],"author":[{"embeddable":true,"href":"https:\/\/zonaroja.com.mx\/index.php?rest_route=\/wp\/v2\/users\/2"}],"replies":[{"embeddable":true,"href":"https:\/\/zonaroja.com.mx\/index.php?rest_route=%2Fwp%2Fv2%2Fcomments&post=70288"}],"version-history":[{"count":1,"href":"https:\/\/zonaroja.com.mx\/index.php?rest_route=\/wp\/v2\/posts\/70288\/revisions"}],"predecessor-version":[{"id":70290,"href":"https:\/\/zonaroja.com.mx\/index.php?rest_route=\/wp\/v2\/posts\/70288\/revisions\/70290"}],"wp:featuredmedia":[{"embeddable":true,"href":"https:\/\/zonaroja.com.mx\/index.php?rest_route=\/wp\/v2\/media\/70289"}],"wp:attachment":[{"href":"https:\/\/zonaroja.com.mx\/index.php?rest_route=%2Fwp%2Fv2%2Fmedia&parent=70288"}],"wp:term":[{"taxonomy":"category","embeddable":true,"href":"https:\/\/zonaroja.com.mx\/index.php?rest_route=%2Fwp%2Fv2%2Fcategories&post=70288"},{"taxonomy":"post_tag","embeddable":true,"href":"https:\/\/zonaroja.com.mx\/index.php?rest_route=%2Fwp%2Fv2%2Ftags&post=70288"}],"curies":[{"name":"wp","href":"https:\/\/api.w.org\/{rel}","templated":true}]}}