{"id":70293,"date":"2024-07-11T16:36:12","date_gmt":"2024-07-11T22:36:12","guid":{"rendered":"https:\/\/zonaroja.com.mx\/?p=70293"},"modified":"2024-07-11T16:36:14","modified_gmt":"2024-07-11T22:36:14","slug":"asesores-buscan-forma-de-convencer-a-joe-biden-para-no-buscar-reeleccion","status":"publish","type":"post","link":"https:\/\/zonaroja.com.mx\/?p=70293","title":{"rendered":"Asesores buscan forma de convencer a Joe Biden para no buscar reelecci\u00f3n"},"content":{"rendered":"\n<p>Redacci\u00f3n\/Zona Roja Cdmx.<\/p>\n\n\n\n<p>Ciudad de M\u00e9xico, a 11 de julio de 2024.- Un grupo conformado por algunos de los asesores y colaboradores del presidente de EE.UU., Joe Biden, busca f\u00f3rmulas para convencerlo de que la mejor opci\u00f3n es que d\u00e9 un paso a lado y otro candidato dem\u00f3crata compita con Donald Trump en las elecciones de noviembre, seg\u00fan \u201cThe New York Times\u201d.<\/p>\n\n\n\n<p>Entre ellos, seg\u00fan public\u00f3 el prestigioso diario citando a tres personas familiarizadas con la cuesti\u00f3n, est\u00e1n algunos de sus aliados con a\u00f1os de servicio trabajando para el mandatario.<\/p>\n\n\n\n<p>El medio asegura que en ese grupo figuran, al menos, dos asesores que llevan d\u00edas explorando la forma de que el presidente Biden desista en su intento de permanecer en la Casa Blanca y que acepte a la vicepresidenta Kamala Harris como pr\u00f3xima candidata.<\/p>\n\n\n\n<p>Sin embargo, de acuerdo a \u201cThe New York Times\u201d, estos no pertenecen al c\u00edrculo inmediatamente pr\u00f3ximo al presidente de Estados Unidos, a\u00fan a favor de que contin\u00fae en la batalla electoral.<\/p>\n\n\n\n<p>El diario se\u00f1ala, adem\u00e1s, que Biden dijo a sus confidentes antes del debate del pasado 27 de junio -en el que tuvo una cuestionada participaci\u00f3n que ha desembocado en un aluvi\u00f3n de cr\u00edticas- que cre\u00eda que ten\u00eda m\u00e1s posibilidades de ganar un segundo mandato que la propia Harris.<\/p>\n\n\n\n<p>Seg\u00fan una encuesta publicada este jueves, m\u00e1s de dos tercios de los estadounidenses, y el 54 por ciento de los votantes dem\u00f3cratas, consideran que Biden se debe retirar de la campa\u00f1a, de cara a las elecciones de noviembre.<\/p>\n\n\n\n<p>De acuerdo a las fuentes del Times, que hablaron bajo condici\u00f3n de anonimato, el grupo tambi\u00e9n deber\u00e1 asegurarle a Biden que, si se hace a un lado, el proceso para elegir otro candidato ser\u00eda \u201cordenado\u201d y no supondr\u00eda un \u201ccaos\u201d dentro del Partido Dem\u00f3crata.<\/p>\n\n\n\n<p>No hay indicios de que alguna de estas discusiones internas haya llegado a\u00fan al propio Biden, coment\u00f3 una de las fuentes al diario, mientras que la Casa Blanca ha negado la mayor.<\/p>\n\n\n\n<p>\u201cSin lugar a dudas, esto no es cierto. El equipo del presidente Biden lo respalda firmemente\u201d, asegur\u00f3 al diario Andrew Bates, portavoz de la Casa Blanca.<\/p>\n\n\n\n<p>(Informaci\u00f3n de la agencia EFE en L\u00f3pez-D\u00f3riga Digital)<\/p>\n","protected":false},"excerpt":{"rendered":"<p>Redacci\u00f3n\/Zona Roja Cdmx. Ciudad de M\u00e9xico, a 11 de julio de 2024.- Un grupo conformado&hellip;<\/p>\n","protected":false},"author":2,"featured_media":65178,"comment_status":"closed","ping_status":"open","sticky":false,"template":"","format":"standard","meta":{"_lmt_disableupdate":"","_lmt_disable":"","_jetpack_memberships_contains_paid_content":false,"footnotes":""},"categories":[109,47],"tags":[2347],"class_list":["post-70293","post","type-post","status-publish","format-standard","has-post-thumbnail","hentry","category-minuto-a-minuto","category-zona-gris","tag-joe-biden"],"jetpack_featured_media_url":"https:\/\/zonaroja.com.mx\/wp-content\/uploads\/2024\/02\/Joe-Biden-.jpeg","jetpack_sharing_enabled":true,"_links":{"self":[{"href":"https:\/\/zonaroja.com.mx\/index.php?rest_route=\/wp\/v2\/posts\/70293","targetHints":{"allow":["GET"]}}],"collection":[{"href":"https:\/\/zonaroja.com.mx\/index.php?rest_route=\/wp\/v2\/posts"}],"about":[{"href":"https:\/\/zonaroja.com.mx\/index.php?rest_route=\/wp\/v2\/types\/post"}],"author":[{"embeddable":true,"href":"https:\/\/zonaroja.com.mx\/index.php?rest_route=\/wp\/v2\/users\/2"}],"replies":[{"embeddable":true,"href":"https:\/\/zonaroja.com.mx\/index.php?rest_route=%2Fwp%2Fv2%2Fcomments&post=70293"}],"version-history":[{"count":1,"href":"https:\/\/zonaroja.com.mx\/index.php?rest_route=\/wp\/v2\/posts\/70293\/revisions"}],"predecessor-version":[{"id":70294,"href":"https:\/\/zonaroja.com.mx\/index.php?rest_route=\/wp\/v2\/posts\/70293\/revisions\/70294"}],"wp:featuredmedia":[{"embeddable":true,"href":"https:\/\/zonaroja.com.mx\/index.php?rest_route=\/wp\/v2\/media\/65178"}],"wp:attachment":[{"href":"https:\/\/zonaroja.com.mx\/index.php?rest_route=%2Fwp%2Fv2%2Fmedia&parent=70293"}],"wp:term":[{"taxonomy":"category","embeddable":true,"href":"https:\/\/zonaroja.com.mx\/index.php?rest_route=%2Fwp%2Fv2%2Fcategories&post=70293"},{"taxonomy":"post_tag","embeddable":true,"href":"https:\/\/zonaroja.com.mx\/index.php?rest_route=%2Fwp%2Fv2%2Ftags&post=70293"}],"curies":[{"name":"wp","href":"https:\/\/api.w.org\/{rel}","templated":true}]}}