{"id":70295,"date":"2024-07-11T20:38:40","date_gmt":"2024-07-12T02:38:40","guid":{"rendered":"https:\/\/zonaroja.com.mx\/?p=70295"},"modified":"2024-07-11T20:38:42","modified_gmt":"2024-07-12T02:38:42","slug":"investigan-desaparicion-y-asesinato-a-golpes-de-una-mujer-en-la-cuenca","status":"publish","type":"post","link":"https:\/\/zonaroja.com.mx\/?p=70295","title":{"rendered":"Investigan desaparici\u00f3n y asesinato a golpes de una mujer en la Cuenca"},"content":{"rendered":"\n<p>Ismael Garc\u00eda M.\/Zona Roja.<\/p>\n\n\n\n<p>Oaxaca de Ju\u00e1rez, Oax., a 11 de julio de 2024.- La Fiscal\u00eda General del Estado de Oaxaca investiga un probable feminicidio ocurrido en la regi\u00f3n de la Cuenca y la muerte de una femenina en los Valles Centrales.<\/p>\n\n\n\n<p>En el paraje \u201cEl Pe\u00f1\u00f3n\u201d del municipio de Acatl\u00e1n de P\u00e9rez Figueroa, fue hallado anteayer el cuerpo sin vida de una mujer de aproximadamente 33 a\u00f1os de edad, con golpes en diversas partes.<\/p>\n\n\n\n<p>De acuerdo con reportes de sus familiares, hab\u00eda desaparecido desde hace dos semanas en su comunidad de origen, Vicente Camalote.<\/p>\n\n\n\n<p>Tras ser identificada por sus familiares, dijeron que respondi\u00f3 en vida al nombre de Abilene H. A., y a\u00fan desconocen qui\u00e9n o qui\u00e9nes la habr\u00edan asesinado.<\/p>\n\n\n\n<p>Por otra parte, ayer por la tarde en la ribera del r\u00edo \u201cAtoyac\u201d, en jurisdicci\u00f3n de la ciudad de Oaxaca, fue hallada muerta una femenina, de aproximadamente 33 a\u00f1os de edad.<\/p>\n\n\n\n<p>Y este jueves se revel\u00f3 que respond\u00eda al nombre de Elizabeth S. G. y era originaria de la regi\u00f3n de la Cuenca; presuntamente es una indigente y a\u00fan no se ha establecido oficialmente las causas del deceso.<\/p>\n","protected":false},"excerpt":{"rendered":"<p>Ismael Garc\u00eda M.\/Zona Roja. Oaxaca de Ju\u00e1rez, Oax., a 11 de julio de 2024.- La&hellip;<\/p>\n","protected":false},"author":2,"featured_media":68132,"comment_status":"closed","ping_status":"open","sticky":false,"template":"","format":"standard","meta":{"_lmt_disableupdate":"","_lmt_disable":"","_jetpack_memberships_contains_paid_content":false,"footnotes":""},"categories":[109,51],"tags":[187,610],"class_list":["post-70295","post","type-post","status-publish","format-standard","has-post-thumbnail","hentry","category-minuto-a-minuto","category-zona-roja","tag-acatlan-de-perez-figueroa","tag-feminicidios-oaxaca"],"jetpack_featured_media_url":"https:\/\/zonaroja.com.mx\/wp-content\/uploads\/2024\/05\/Feminicidio-asesinato-mujer.jpeg","jetpack_sharing_enabled":true,"_links":{"self":[{"href":"https:\/\/zonaroja.com.mx\/index.php?rest_route=\/wp\/v2\/posts\/70295","targetHints":{"allow":["GET"]}}],"collection":[{"href":"https:\/\/zonaroja.com.mx\/index.php?rest_route=\/wp\/v2\/posts"}],"about":[{"href":"https:\/\/zonaroja.com.mx\/index.php?rest_route=\/wp\/v2\/types\/post"}],"author":[{"embeddable":true,"href":"https:\/\/zonaroja.com.mx\/index.php?rest_route=\/wp\/v2\/users\/2"}],"replies":[{"embeddable":true,"href":"https:\/\/zonaroja.com.mx\/index.php?rest_route=%2Fwp%2Fv2%2Fcomments&post=70295"}],"version-history":[{"count":1,"href":"https:\/\/zonaroja.com.mx\/index.php?rest_route=\/wp\/v2\/posts\/70295\/revisions"}],"predecessor-version":[{"id":70296,"href":"https:\/\/zonaroja.com.mx\/index.php?rest_route=\/wp\/v2\/posts\/70295\/revisions\/70296"}],"wp:featuredmedia":[{"embeddable":true,"href":"https:\/\/zonaroja.com.mx\/index.php?rest_route=\/wp\/v2\/media\/68132"}],"wp:attachment":[{"href":"https:\/\/zonaroja.com.mx\/index.php?rest_route=%2Fwp%2Fv2%2Fmedia&parent=70295"}],"wp:term":[{"taxonomy":"category","embeddable":true,"href":"https:\/\/zonaroja.com.mx\/index.php?rest_route=%2Fwp%2Fv2%2Fcategories&post=70295"},{"taxonomy":"post_tag","embeddable":true,"href":"https:\/\/zonaroja.com.mx\/index.php?rest_route=%2Fwp%2Fv2%2Ftags&post=70295"}],"curies":[{"name":"wp","href":"https:\/\/api.w.org\/{rel}","templated":true}]}}