{"id":70297,"date":"2024-07-11T22:16:19","date_gmt":"2024-07-12T04:16:19","guid":{"rendered":"https:\/\/zonaroja.com.mx\/?p=70297"},"modified":"2024-07-11T22:16:20","modified_gmt":"2024-07-12T04:16:20","slug":"la-real-disputa-de-maria-elena-r-o-85-mdp-dicen-abogados","status":"publish","type":"post","link":"https:\/\/zonaroja.com.mx\/?p=70297","title":{"rendered":"La real disputa de Mar\u00eda Elena R. O.: 85 mdp, dicen abogados"},"content":{"rendered":"\n<p>Raymundo Morales\/Zona Roja.<\/p>\n\n\n\n<p>Oaxaca de Ju\u00e1rez, Oax., a 11 de julio de 2024.- Al asegurar que su cliente es inocente y no hay ninguna prueba que lo incrimine como autor del intento de feminicidio, abogados de Juan Vera Carrizal aseguraron que la disputa real de la v\u00edctima, Mar\u00eda Elena R. O., es por 85 millones de pesos de indemnizaci\u00f3n.<\/p>\n\n\n\n<p>\u201cHay una serie de injurias, ataques, que han hecho en contra de nuestro defendido y de otros funcionarios. Nada de lo que la se\u00f1orita v\u00edctima comenta en redes sociales y difunde es lo que acontece en el proceso\u2026 Decidimos romper el silencio y dar a conocer lo que incurre, la verdad de lo que ha pasado a lo largo de este proceso penal dijo \u00c9dgar L\u00f3pez Garc\u00eda, titular de la defensa de Vera Carrizal.<\/p>\n\n\n\n<p>En conferencia de prensa efectuada este jueves en un restaurante del centro de la ciudad de Oaxaca, reiteraron que la joven, agredida en septiembre de 2019 con \u00e1cido, en Huajuapan de Le\u00f3n, pudiera tener otros tintes, pues hay varias l\u00edneas de investigaci\u00f3n ajenas al empresario gasolinero, en prisi\u00f3n desde hace m\u00e1s de cuatro a\u00f1os y sin que diera inicio el juicio.<\/p>\n\n\n\n<p>\u201cNo existe una sola prueba que incrimine a Juan Antonio Vera Carrizal como autor intelectual de lo que sucedi\u00f3 a Mar\u00eda Elena R. O.; lamentamos, no tiene nombre lo que le hicieron, pero hay otras circunstancias, que es lamentable tener a una persona en prisi\u00f3n, por m\u00e1s de cuatro a\u00f1os, y no ha podido ser juzgado y ha sido porque la se\u00f1orita ha retrasado el juicio.<\/p>\n\n\n\n<p>\u201cEsos ataques que la v\u00edctima ha dado a conocer en redes sociales que el Tribunal Superior de Justicia la revictimiza, que nosotros los defensores hemos iniciado un linchamiento medi\u00e1tico en su contra; que existe un pacto de impunidad entre la defensa y funcionarios del Poder Judicial para que sea liberado, eso es totalmente falso; si hubiera un pacto de impunidad, mi defendido ya estar\u00eda en libertad.<\/p>\n\n\n\n<p>\u201cEn este asunto no hay una b\u00fasqueda de la verdad ni de la justicia ni es un ejemplo para juzgar la deficiente pol\u00edtica de perspectiva de g\u00e9nero que existe en el pa\u00eds; tampoco es una lucha por las mujeres ind\u00edgenas, por la mujer campesina, por la mujer ejidatario, no.<\/p>\n\n\n\n<p>\u201cExiste detr\u00e1s de este asunto un monto de 85 millones de pesos que Mar\u00eda Elena pide como reparaci\u00f3n del da\u00f1o; ese es el fondo de este asunto. Una situaci\u00f3n que vemos totalmente alarmante, injusta\u201d, expuso el abogado.<\/p>\n\n\n\n<p>Ret\u00f3:<\/p>\n\n\n\n<p>\u201cQue le diga a la sociedad civil a la que pide apoyo, que le diga a los grupos feministas, que le diga a la magistrada Cordero, que le diga a la Presidenta electa si no es cierto que pide 85 millones de pesos\u201d.<\/p>\n\n\n\n<p>El abogado principal de Vera Carrizal lament\u00f3 que por usar su caso de manera medi\u00e1tica, incluso ha se\u00f1alado y acusado de corrupci\u00f3n a los jueces del Poder Judicial que llegan el caso.<\/p>\n\n\n\n<p>Habl\u00f3 asimismo de varias l\u00edneas de investigaci\u00f3n ajenas a Vera Carrizal, entre ellas un homicidio perpetrado presuntamente por su hermano, as\u00ed como una relaci\u00f3n personal con una persona probablemente delincuente.<\/p>\n\n\n\n<p>Consider\u00f3 como injusto que su defendido contin\u00fae en la c\u00e1rcel por capricho de la v\u00edctima y dijo que un juez federal podr\u00eda otorgarle un amparo para que sea puesto en libertad, a fin de que continu\u00e9 el proceso en libertad.<\/p>\n","protected":false},"excerpt":{"rendered":"<p>Raymundo Morales\/Zona Roja. Oaxaca de Ju\u00e1rez, Oax., a 11 de julio de 2024.- Al asegurar&hellip;<\/p>\n","protected":false},"author":2,"featured_media":70298,"comment_status":"closed","ping_status":"open","sticky":false,"template":"","format":"standard","meta":{"_lmt_disableupdate":"","_lmt_disable":"","_jetpack_memberships_contains_paid_content":false,"footnotes":""},"categories":[109,47],"tags":[1124],"class_list":["post-70297","post","type-post","status-publish","format-standard","has-post-thumbnail","hentry","category-minuto-a-minuto","category-zona-gris","tag-maria-elena-rios-ortiz"],"jetpack_featured_media_url":"https:\/\/zonaroja.com.mx\/wp-content\/uploads\/2024\/07\/Abogados-Juan-Antonio-Vera-Carrizal.jpg","jetpack_sharing_enabled":true,"_links":{"self":[{"href":"https:\/\/zonaroja.com.mx\/index.php?rest_route=\/wp\/v2\/posts\/70297","targetHints":{"allow":["GET"]}}],"collection":[{"href":"https:\/\/zonaroja.com.mx\/index.php?rest_route=\/wp\/v2\/posts"}],"about":[{"href":"https:\/\/zonaroja.com.mx\/index.php?rest_route=\/wp\/v2\/types\/post"}],"author":[{"embeddable":true,"href":"https:\/\/zonaroja.com.mx\/index.php?rest_route=\/wp\/v2\/users\/2"}],"replies":[{"embeddable":true,"href":"https:\/\/zonaroja.com.mx\/index.php?rest_route=%2Fwp%2Fv2%2Fcomments&post=70297"}],"version-history":[{"count":1,"href":"https:\/\/zonaroja.com.mx\/index.php?rest_route=\/wp\/v2\/posts\/70297\/revisions"}],"predecessor-version":[{"id":70299,"href":"https:\/\/zonaroja.com.mx\/index.php?rest_route=\/wp\/v2\/posts\/70297\/revisions\/70299"}],"wp:featuredmedia":[{"embeddable":true,"href":"https:\/\/zonaroja.com.mx\/index.php?rest_route=\/wp\/v2\/media\/70298"}],"wp:attachment":[{"href":"https:\/\/zonaroja.com.mx\/index.php?rest_route=%2Fwp%2Fv2%2Fmedia&parent=70297"}],"wp:term":[{"taxonomy":"category","embeddable":true,"href":"https:\/\/zonaroja.com.mx\/index.php?rest_route=%2Fwp%2Fv2%2Fcategories&post=70297"},{"taxonomy":"post_tag","embeddable":true,"href":"https:\/\/zonaroja.com.mx\/index.php?rest_route=%2Fwp%2Fv2%2Ftags&post=70297"}],"curies":[{"name":"wp","href":"https:\/\/api.w.org\/{rel}","templated":true}]}}