{"id":70300,"date":"2024-07-12T07:11:36","date_gmt":"2024-07-12T13:11:36","guid":{"rendered":"https:\/\/zonaroja.com.mx\/?p=70300"},"modified":"2024-07-12T07:11:38","modified_gmt":"2024-07-12T13:11:38","slug":"llega-fiscalia-en-tu-comunidad-a-santa-cruz-amilpas-y-a-huayapam","status":"publish","type":"post","link":"https:\/\/zonaroja.com.mx\/?p=70300","title":{"rendered":"Llega \u201cFiscal\u00eda en tu Comunidad\u201d a Santa Cruz Amilpas y a Huay\u00e1pam"},"content":{"rendered":"\n<p>Redacci\u00f3n\/Zona Roja.&nbsp;<\/p>\n\n\n\n<p>Oaxaca de Ju\u00e1rez, Oax., a 12 de julio de 2024.- La Fiscal\u00eda General del Estado de Oaxaca (FGEO), a trav\u00e9s de personal especializado en materia de procuraci\u00f3n de justicia, imparti\u00f3 diversos talleres integrales en el municipio de Santa Cruz Amilpas, d\u00f3nde se llev\u00f3 a cabo el programa de proximidad social \u00abFiscal\u00eda en tu Comunidad\u00bb, que recorre los diferentes municipios de la entidad para fortalecer las habilidades y conocimientos en torno a la prevenci\u00f3n social de la violencia y la delincuencia.<\/p>\n\n\n\n<p>Durante el arranque de estas jornadas, el fiscal General, Bernardo Rodr\u00edguez Alamilla, acompa\u00f1ado del presidente municipal, Christian Baruch Castellanos Rodr\u00edguez y su Cabildo, explic\u00f3 que dicho programa fue dise\u00f1ado especialmente para atender las causas que generan la violencia en sus comunidades, y por ello, por medio de capacitaciones al funcionariado y a los cuerpos de seguridad municipal se busca fortalecer v\u00ednculos de confianza para incentivar la denuncia ciudadana.<\/p>\n\n\n\n<p>\u00abA nombre de la Fiscal\u00eda de Oaxaca quiero agradecer esta oportunidad que nos dan para poder generar estos lazos comunicantes. Este programa de Fiscal\u00eda de tu Comunidad justamente busca acercarse de manera muy directa y particular a los municipios, a las colonias a lugares donde de alguna manera no hab\u00eda una participaci\u00f3n directa por parte de las corporaciones\u00bb, expuso.<\/p>\n\n\n\n<p>Agreg\u00f3 que, con un trabajo coordinado como el que est\u00e1n desarrollando con el Gobierno del Estado y las diferentes instancias de Seguridad, se atienden de ra\u00edz las causas para disminuir el fen\u00f3meno delictivo y sobre todo, los delitos m\u00e1s recurrentes que se registran en las comunidades como los son: la violencia familiar, la extorsi\u00f3n y el fraude \u201cgota a gota\u00bb, este \u00faltimo que consiste en pr\u00e9stamos ilegales relacionados con redes criminales que se caracterizan por realizar los cobros de manera violenta a quienes los aceptan.<\/p>\n\n\n\n<p>Por su parte, el presidente municipal, Christian Baruch Castellanos Rodr\u00edguez hizo un reconocimiento p\u00fablico al Fiscal por la visita a Santa Cruz Amilpas, y adem\u00e1s por llevar estos cursos y capacitaciones que benefician a las y los elementos de seguridad para su labor diaria.<\/p>\n\n\n\n<p>\u00abSanta Cruz Amilpas se compromete a implementar lo que va a aprender a trav\u00e9s del programa Fiscal\u00eda en tu Comunidad para beneficio de la comunidad\u00bb, dijo el edil de Santa Cruz Amilpas durante su pronunciamiento.<\/p>\n\n\n\n<p>En esta jornada de actividades, estuvieron tambi\u00e9n presentes la S\u00edndica Zobeida Rodr\u00edguez V\u00e1squez; Pedro Velasco Hern\u00e1ndez, director de Seguridad P\u00fablica municipal y sus elementos policiales, as\u00ed como el encargado del Despacho de la Vicefiscal\u00eda Regional de Valles Centrales, Samuel Jim\u00e9nez Acevedo.<\/p>\n\n\n\n<p>\u201cFiscal\u00eda en tu Comunidad\u201d brinda capacitaci\u00f3n continua en temas como Informe Policial Homologado y Primer Respondiente, \u201cEl sistema de Justicia para Adolescentes\u201d, \u201cActuaci\u00f3n del Primer Respondiente en Feminicidio y violencia familiar\u201d, \u201cDelito Gota a Gota\u201d, \u201cForma de extorsi\u00f3n\u201d as\u00ed como \u201c\u00d3rdenes de protecci\u00f3n\u201d, impartidos por personal de diferentes \u00e1reas de la Instituci\u00f3n de procuraci\u00f3n de justicia.<\/p>\n\n\n\n<p>EN SAN ANDR\u00c9S HUAY\u00c1PAM<\/p>\n\n\n\n<p>Como parte de las actividades enmarcadas en la estrategia de fortalecimiento a la seguridad p\u00fablica y prevenci\u00f3n que realiza la Fiscal\u00eda General del Estado de Oaxaca, personal de diferentes \u00e1reas de la instituci\u00f3n acudieron al municipio de San Andr\u00e9s Huay\u00e1pam para llevar a la gente los servicios integrales de proximidad social del programa denominado \u00abFiscal\u00eda en tu Comunidad\u00bb.<\/p>\n\n\n\n<p>Durante el acto inaugural, el fiscal general, Bernardo Rodr\u00edguez Alamilla, acompa\u00f1ado del Cabildo municipal, explic\u00f3 que \u00abFiscal\u00eda en tu Comunidad&#8217; es un programa que busca atender las causas que generan la violencia en las comunidades, por ello, a trav\u00e9s de estas jornadas, la instituci\u00f3n procuradora de justicia acerca a la poblaci\u00f3n y a los Ayuntamientos los servicios integrales para prevenir el delito.<\/p>\n\n\n\n<p>Adem\u00e1s, brinda capacitaci\u00f3n a quienes integran a las polic\u00edas municipales para que puedan tener las herramientas necesarias para fortalecer su actuaci\u00f3n como primer respondiente ante la comisi\u00f3n de un delito y, a la par, garantizar la seguridad en la poblaci\u00f3n.<\/p>\n\n\n\n<p>\u00abEl tema de seguridad no se construye por una sola instituci\u00f3n, se debe trabajar de manera conjunta entre sociedad y gobierno, para fortalecer los lazos comunicantes y v\u00ednculos de confianza con la ciudadan\u00eda para brindar una mejor atenci\u00f3n y seguimiento a las denuncias\u00bb, puntualiz\u00f3 el Fiscal General.<\/p>\n\n\n\n<p>Asimismo, reconoci\u00f3 la disposici\u00f3n de las autoridades, tanto de San Andr\u00e9s Huay\u00e1pam y de su municipio vecino San Agust\u00edn Yatareni, por participar en estas jornadas de trabajo que forman parte de la estrategia de seguridad que se implementa en la entidad oaxaque\u00f1a, pues dijo que, solo as\u00ed de manera conjunta se pueden generar espacios seguros, libres de todo tipo de violencias.<\/p>\n\n\n\n<p>En esta jornada de actividades, el fiscal general Bernardo Rodr\u00edguez Alamilla estuvo acompa\u00f1ado de autoridades como Roberto Aquino Ram\u00edrez, suplente del presidente municipal de San Andr\u00e9s Huay\u00e1pam, as\u00ed como de la S\u00edndica, Margarita Santiago Luis.<\/p>\n","protected":false},"excerpt":{"rendered":"<p>Redacci\u00f3n\/Zona Roja.&nbsp; Oaxaca de Ju\u00e1rez, Oax., a 12 de julio de 2024.- La Fiscal\u00eda General&hellip;<\/p>\n","protected":false},"author":2,"featured_media":70301,"comment_status":"closed","ping_status":"open","sticky":false,"template":"","format":"standard","meta":{"_lmt_disableupdate":"","_lmt_disable":"","_jetpack_memberships_contains_paid_content":false,"footnotes":""},"categories":[109,46],"tags":[494],"class_list":["post-70300","post","type-post","status-publish","format-standard","has-post-thumbnail","hentry","category-minuto-a-minuto","category-zona-blanca","tag-fiscalia-general-del-estado-de-oaxaca"],"jetpack_featured_media_url":"https:\/\/zonaroja.com.mx\/wp-content\/uploads\/2024\/07\/Fiscalia-en-tu-comunidad-Huayapam.jpeg","jetpack_sharing_enabled":true,"_links":{"self":[{"href":"https:\/\/zonaroja.com.mx\/index.php?rest_route=\/wp\/v2\/posts\/70300","targetHints":{"allow":["GET"]}}],"collection":[{"href":"https:\/\/zonaroja.com.mx\/index.php?rest_route=\/wp\/v2\/posts"}],"about":[{"href":"https:\/\/zonaroja.com.mx\/index.php?rest_route=\/wp\/v2\/types\/post"}],"author":[{"embeddable":true,"href":"https:\/\/zonaroja.com.mx\/index.php?rest_route=\/wp\/v2\/users\/2"}],"replies":[{"embeddable":true,"href":"https:\/\/zonaroja.com.mx\/index.php?rest_route=%2Fwp%2Fv2%2Fcomments&post=70300"}],"version-history":[{"count":1,"href":"https:\/\/zonaroja.com.mx\/index.php?rest_route=\/wp\/v2\/posts\/70300\/revisions"}],"predecessor-version":[{"id":70302,"href":"https:\/\/zonaroja.com.mx\/index.php?rest_route=\/wp\/v2\/posts\/70300\/revisions\/70302"}],"wp:featuredmedia":[{"embeddable":true,"href":"https:\/\/zonaroja.com.mx\/index.php?rest_route=\/wp\/v2\/media\/70301"}],"wp:attachment":[{"href":"https:\/\/zonaroja.com.mx\/index.php?rest_route=%2Fwp%2Fv2%2Fmedia&parent=70300"}],"wp:term":[{"taxonomy":"category","embeddable":true,"href":"https:\/\/zonaroja.com.mx\/index.php?rest_route=%2Fwp%2Fv2%2Fcategories&post=70300"},{"taxonomy":"post_tag","embeddable":true,"href":"https:\/\/zonaroja.com.mx\/index.php?rest_route=%2Fwp%2Fv2%2Ftags&post=70300"}],"curies":[{"name":"wp","href":"https:\/\/api.w.org\/{rel}","templated":true}]}}