{"id":70303,"date":"2024-07-12T10:30:00","date_gmt":"2024-07-12T16:30:00","guid":{"rendered":"https:\/\/zonaroja.com.mx\/?p=70303"},"modified":"2024-07-12T07:15:04","modified_gmt":"2024-07-12T13:15:04","slug":"confirma-tribunal-que-amlo-uso-recursos-publicos-para-coaccionar-el-voto","status":"publish","type":"post","link":"https:\/\/zonaroja.com.mx\/?p=70303","title":{"rendered":"Confirma Tribunal que AMLO us\u00f3 recursos p\u00fablicos para coaccionar el voto"},"content":{"rendered":"\n<p>Redacci\u00f3n\/Zona Roja Cdmx.<\/p>\n\n\n\n<p>Ciudad de M\u00e9xico, a 12 de julio de 2024.- El Presidente Andr\u00e9s Manuel L\u00f3pez Obrador coaccion\u00f3 el voto de la ciudadan\u00eda antes de que arrancara el proceso electoral de 2024, determin\u00f3 la Sala Especializada del Tribunal Electoral del Poder Judicial de la Federaci\u00f3n (TEPJF).<\/p>\n\n\n\n<p>De acuerdo con la autoridad, el mandatario vulner\u00f3 los principios de imparcialidad, neutralidad y equidad en la contienda; us\u00f3 indebidamente recursos p\u00fablicos y programas sociales; realiz\u00f3 promoci\u00f3n personalizada y difundi\u00f3 propaganda gubernamental en per\u00edodo prohibido.<\/p>\n\n\n\n<p>X\u00f3chitl G\u00e1lvez, excandidata presidencial de la alianza PAN-PRI-PRD, asegur\u00f3 que la resoluci\u00f3n del Tribunal confirma que hubo \u00bbuna elecci\u00f3n de Estado\u00bb.<\/p>\n\n\n\n<p>La violaci\u00f3n de las reglas electorales por parte del mandatario ocurri\u00f3 en las conferencias matutinas realizadas el 9 y 11 de mayo de 2023, en las que hizo alusi\u00f3n al \u00bbPlan C\u00bb y a la necesidad de alcanzar una mayor\u00eda calificada en las c\u00e1maras del Congreso de la Uni\u00f3n para continuar la transformaci\u00f3n.<\/p>\n\n\n\n<p>Esas manifestaciones, consider\u00f3 el Pleno, tuvieron impacto electoral, pues se trat\u00f3 de llamados a votar en favor de una opci\u00f3n pol\u00edtica (Morena) y en contra de otra, con lo cual, pretendi\u00f3 influir en las preferencias de la ciudadan\u00eda.<\/p>\n\n\n\n<p>El Tribunal inform\u00f3 que la entonces jefa de Gobierno de la Ciudad de M\u00e9xico, Claudia Sheinbaum, tambi\u00e9n fue responsabilizada de vulnerar principios constitucionales, por realizar manifestaciones relacionadas con los comentarios del presidente en una conferencia de prensa.<\/p>\n\n\n\n<p>Por esta misma conducta tambi\u00e9n fueron responsabilizados Jes\u00fas Ram\u00edrez Cuevas, coordinador de Comunicaci\u00f3n Social y vocero de la Presidencia de la Rep\u00fablica; Sigfrido Barjau de la Rosa, titular del Centro de Producci\u00f3n de Programas Informativos y Especiales (Cepropie); Jenaro Villamil, entonces presidente del Sistema P\u00fablico de Radiodifusi\u00f3n del Estado Mexicano (SPR); Jessica Ram\u00edrez, directora general de Comunicaci\u00f3n Digital y Pedro Daniel Ram\u00edrez P\u00e9rez, jefe de departamento adscrito a la citada Coordinaci\u00f3n.<\/p>\n\n\n\n<p>El Tribunal se\u00f1al\u00f3 que \u00bbestas personas servidoras p\u00fablicas, tambi\u00e9n incurrieron en uso indebido de recursos p\u00fablicos, porque son las responsables de la transmisi\u00f3n y difusi\u00f3n de las \u201cMa\u00f1aneras\u201d y emplearon recursos humanos y materiales para ello\u00bb.<\/p>\n\n\n\n<p>Morena, PT y PVEM no obtuvieron un beneficio indebido por estas conductas, pues no se acredit\u00f3 que tuvieran conocimiento de las conductas denunciadas y omitieran desplegar acciones para que cesaran sus efectos.<\/p>\n\n\n\n<p>El Presidente de la Rep\u00fablica no puede ser sancionado por infracciones de \u00edndole electoral, \u00fanicamente se declara su responsabilidad, de acuerdo con criterios emitidos por la Sala Superior de este tribunal.<\/p>\n\n\n\n<p>(Informaci\u00f3n de \u201cExpansi\u00f3n Pol\u00edtica\u201d)<\/p>\n","protected":false},"excerpt":{"rendered":"<p>Redacci\u00f3n\/Zona Roja Cdmx. Ciudad de M\u00e9xico, a 12 de julio de 2024.- El Presidente Andr\u00e9s&hellip;<\/p>\n","protected":false},"author":2,"featured_media":69393,"comment_status":"closed","ping_status":"open","sticky":false,"template":"","format":"standard","meta":{"_lmt_disableupdate":"","_lmt_disable":"","_jetpack_memberships_contains_paid_content":false,"footnotes":""},"categories":[109,47],"tags":[143],"class_list":["post-70303","post","type-post","status-publish","format-standard","has-post-thumbnail","hentry","category-minuto-a-minuto","category-zona-gris","tag-andres-manuel-lopez-obrador"],"jetpack_featured_media_url":"https:\/\/zonaroja.com.mx\/wp-content\/uploads\/2024\/06\/Lopez-Obrador-y-Xochitl-Galvez.jpeg","jetpack_sharing_enabled":true,"_links":{"self":[{"href":"https:\/\/zonaroja.com.mx\/index.php?rest_route=\/wp\/v2\/posts\/70303","targetHints":{"allow":["GET"]}}],"collection":[{"href":"https:\/\/zonaroja.com.mx\/index.php?rest_route=\/wp\/v2\/posts"}],"about":[{"href":"https:\/\/zonaroja.com.mx\/index.php?rest_route=\/wp\/v2\/types\/post"}],"author":[{"embeddable":true,"href":"https:\/\/zonaroja.com.mx\/index.php?rest_route=\/wp\/v2\/users\/2"}],"replies":[{"embeddable":true,"href":"https:\/\/zonaroja.com.mx\/index.php?rest_route=%2Fwp%2Fv2%2Fcomments&post=70303"}],"version-history":[{"count":1,"href":"https:\/\/zonaroja.com.mx\/index.php?rest_route=\/wp\/v2\/posts\/70303\/revisions"}],"predecessor-version":[{"id":70304,"href":"https:\/\/zonaroja.com.mx\/index.php?rest_route=\/wp\/v2\/posts\/70303\/revisions\/70304"}],"wp:featuredmedia":[{"embeddable":true,"href":"https:\/\/zonaroja.com.mx\/index.php?rest_route=\/wp\/v2\/media\/69393"}],"wp:attachment":[{"href":"https:\/\/zonaroja.com.mx\/index.php?rest_route=%2Fwp%2Fv2%2Fmedia&parent=70303"}],"wp:term":[{"taxonomy":"category","embeddable":true,"href":"https:\/\/zonaroja.com.mx\/index.php?rest_route=%2Fwp%2Fv2%2Fcategories&post=70303"},{"taxonomy":"post_tag","embeddable":true,"href":"https:\/\/zonaroja.com.mx\/index.php?rest_route=%2Fwp%2Fv2%2Ftags&post=70303"}],"curies":[{"name":"wp","href":"https:\/\/api.w.org\/{rel}","templated":true}]}}