{"id":70305,"date":"2024-07-12T08:15:00","date_gmt":"2024-07-12T14:15:00","guid":{"rendered":"https:\/\/zonaroja.com.mx\/?p=70305"},"modified":"2024-07-12T07:31:29","modified_gmt":"2024-07-12T13:31:29","slug":"asesinan-a-individuo-en-san-juan-mixtepec-otro-en-candelaria-loxicha","status":"publish","type":"post","link":"https:\/\/zonaroja.com.mx\/?p=70305","title":{"rendered":"Asesinan a individuo en San Juan Mixtepec; otro en Candelaria Loxicha"},"content":{"rendered":"\n<p>Raymundo Morales\/Zona Roja.<\/p>\n\n\n\n<p>Oaxaca de Ju\u00e1rez, Oax., a 12 de julio de 2024.- Una persona del sexo masculino fue asesinada a balazos en San Juan Mixtepec, municipio de la regi\u00f3n Mixteca del estado.<\/p>\n\n\n\n<p>La v\u00edctima fue identificada como Jos\u00e9 P. R., de 31 a\u00f1os de edad y el crimen se registr\u00f3 la tarde del mi\u00e9rcoles en el interior de un domicilio particular de la localidad de Yerbabuena.<\/p>\n\n\n\n<p>Hasta el momento se desconoce qui\u00e9n o qui\u00e9nes lo ultimaron, lo cual investiga la Vicefiscal\u00eda Regional de la Costa.<\/p>\n\n\n\n<p>Por otra parte, tambi\u00e9n el mi\u00e9rcoles pero en el municipio de Candelaria Loxicha, en la regi\u00f3n Costa, un individuo fue ultimado por disparos de arma de fuego.<\/p>\n\n\n\n<p>Hasta el momento la v\u00edctima no ha sido identificada, por lo cual la Vicefiscal\u00eda Regional de la Costa abri\u00f3 la carpeta de investigaci\u00f3n correspondiente, con la finalidad de procurar justicia.<\/p>\n","protected":false},"excerpt":{"rendered":"<p>Raymundo Morales\/Zona Roja. Oaxaca de Ju\u00e1rez, Oax., a 12 de julio de 2024.- Una persona&hellip;<\/p>\n","protected":false},"author":2,"featured_media":68050,"comment_status":"closed","ping_status":"open","sticky":false,"template":"","format":"standard","meta":{"_lmt_disableupdate":"","_lmt_disable":"","_jetpack_memberships_contains_paid_content":false,"footnotes":""},"categories":[109,51],"tags":[1768],"class_list":["post-70305","post","type-post","status-publish","format-standard","has-post-thumbnail","hentry","category-minuto-a-minuto","category-zona-roja","tag-san-juan-mixtepec"],"jetpack_featured_media_url":"https:\/\/zonaroja.com.mx\/wp-content\/uploads\/2024\/05\/Escena-asesinato-crimen.jpg","jetpack_sharing_enabled":true,"_links":{"self":[{"href":"https:\/\/zonaroja.com.mx\/index.php?rest_route=\/wp\/v2\/posts\/70305","targetHints":{"allow":["GET"]}}],"collection":[{"href":"https:\/\/zonaroja.com.mx\/index.php?rest_route=\/wp\/v2\/posts"}],"about":[{"href":"https:\/\/zonaroja.com.mx\/index.php?rest_route=\/wp\/v2\/types\/post"}],"author":[{"embeddable":true,"href":"https:\/\/zonaroja.com.mx\/index.php?rest_route=\/wp\/v2\/users\/2"}],"replies":[{"embeddable":true,"href":"https:\/\/zonaroja.com.mx\/index.php?rest_route=%2Fwp%2Fv2%2Fcomments&post=70305"}],"version-history":[{"count":1,"href":"https:\/\/zonaroja.com.mx\/index.php?rest_route=\/wp\/v2\/posts\/70305\/revisions"}],"predecessor-version":[{"id":70306,"href":"https:\/\/zonaroja.com.mx\/index.php?rest_route=\/wp\/v2\/posts\/70305\/revisions\/70306"}],"wp:featuredmedia":[{"embeddable":true,"href":"https:\/\/zonaroja.com.mx\/index.php?rest_route=\/wp\/v2\/media\/68050"}],"wp:attachment":[{"href":"https:\/\/zonaroja.com.mx\/index.php?rest_route=%2Fwp%2Fv2%2Fmedia&parent=70305"}],"wp:term":[{"taxonomy":"category","embeddable":true,"href":"https:\/\/zonaroja.com.mx\/index.php?rest_route=%2Fwp%2Fv2%2Fcategories&post=70305"},{"taxonomy":"post_tag","embeddable":true,"href":"https:\/\/zonaroja.com.mx\/index.php?rest_route=%2Fwp%2Fv2%2Ftags&post=70305"}],"curies":[{"name":"wp","href":"https:\/\/api.w.org\/{rel}","templated":true}]}}