{"id":7032,"date":"2019-12-27T10:33:50","date_gmt":"2019-12-27T16:33:50","guid":{"rendered":"http:\/\/www.zonaroja.com.mx\/?p=7032"},"modified":"2019-12-27T10:33:53","modified_gmt":"2019-12-27T16:33:53","slug":"desoyen-gobiernos-federal-y-estatal-peticion-de-pacificacion-en-la-zona-triqui","status":"publish","type":"post","link":"https:\/\/zonaroja.com.mx\/?p=7032","title":{"rendered":"Desoyen gobiernos federal y estatal petici\u00f3n de pacificaci\u00f3n en la zona triqui"},"content":{"rendered":"\n<p>Redacci\u00f3n\/Zona Roja.<\/p>\n\n\n\n<p>Oaxaca de Ju\u00e1rez, Oax., 27 de diciembre\nde 2019.- Militantes e integrantes del Movimiento de Unificaci\u00f3n y Lucha Triqui\n(MULT) lamentaron que hasta la fecha ninguna autoridad gubernamental haya\nprestado atenci\u00f3n a la instalaci\u00f3n de dos mesas de trabajo relacionadas con\njusticia y desarrollo social cultural, econ\u00f3mico y humano en la zona.<\/p>\n\n\n\n<p>Lo anterior pese a los compromisos que\nhicieran las autoridades federales y estatales, durante la visita del\nPresidente Andr\u00e9s Manuel L\u00f3pez Obrador al municipio de Santiago Juxtlahuaca,\nlugar al que acudi\u00f3 a principios del mes de octubre.<\/p>\n\n\n\n<p>De acuerdo con un comunicado del MULT,\nesa desatenci\u00f3n mantiene la violencia en la zona, prueba de ello es la agresi\u00f3n\nque sufrieron recientemente en el paraje denominado \u201cRio Ceniza\u201d, donde\ntransitan pobladores de Tierra Blanca y fueron agredidos dos veh\u00edculos\nfomentando m\u00e1s violencia en el pa\u00eds.<\/p>\n\n\n\n<p>\u201cLa naci\u00f3n triqui nuevamente est\u00e1\nsiendo agredida por aquellos que se han acostumbrado a vivir del dolor y de\ntragedia de las familias triquis. Ocult\u00e1ndose detr\u00e1s de las medidas cautelares\ny de la impunidad que han tenido desde 2007 en que se aliaron con lo m\u00e1s\nretr\u00f3grado del pa\u00eds y de la regi\u00f3n han actuado con toda libertad contra los\nhermanos triquis, desde hace 12 a\u00f1os en colusi\u00f3n y en complicidad con los\ncaciques han ensangrentado y enlutado los hogares de nuestros hermanos\u201d,\nrefirieron.<\/p>\n\n\n\n<p>Por lo anterior, manifestaron su\nsolidaridad a las personas que fueron v\u00edctimas de los hechos y a quienes sufren\nconstantemente de la persecuci\u00f3n y la violencia, a la par que exigieron la\ninmediata intervenci\u00f3n de las autoridades estatales y federales.<\/p>\n\n\n\n<p>\u201cExigimos que de una vez por todas nos\ndigan si van a instalar las dos mesas propuestas para el camino de la paz o van\na seguir en su decid\u00eda y desinter\u00e9s\u201d, cita el documento que difundieron para\nlos medios de comunicaci\u00f3n.<\/p>\n\n\n\n<p>En este sentido, expusieron que el\nfuncionariado p\u00fablico debe asumir su papel de forma comprometida y como parte\nde la Cuarta Transformaci\u00f3n prometida durante campa\u00f1a, de lo contrario estar\u00edan\ntraicionando a la patria y a quienes les permitieron llegar al poder en la\n\u00faltima y m\u00e1s reciente elecci\u00f3n presidencial.<\/p>\n\n\n\n<p>\u201cBasta de simular el acompa\u00f1amiento\nmilitante en la transformaci\u00f3n del pa\u00eds. Apoyo total a la lucha contra el\ncapitalismo neoliberal. Los funcionarios menores deben abandonar su careta de\nhipocres\u00eda ante el reto que representa la cuarta transformaci\u00f3n de la naci\u00f3n\u201d,\nsentenciaron.<\/p>\n\n\n\n<p>Manifestaron que el MULT mantiene su\ndisposici\u00f3n a trabajar por la construcci\u00f3n de la paz, lo cual han estado\npidiendo desde hace a\u00f1os sin que alguna autoridad se compromete realmente en\nregresarle la paz y armon\u00eda a la zona.<\/p>\n","protected":false},"excerpt":{"rendered":"<p>Redacci\u00f3n\/Zona Roja. Oaxaca de Ju\u00e1rez, Oax., 27 de diciembre de 2019.- Militantes e integrantes del&hellip;<\/p>\n","protected":false},"author":2,"featured_media":7033,"comment_status":"closed","ping_status":"open","sticky":false,"template":"","format":"standard","meta":{"_lmt_disableupdate":"","_lmt_disable":"","_jetpack_memberships_contains_paid_content":false,"footnotes":""},"categories":[109,47],"tags":[732],"class_list":["post-7032","post","type-post","status-publish","format-standard","has-post-thumbnail","hentry","category-minuto-a-minuto","category-zona-gris","tag-movimiento-de-unificacion-y-lucha-triqui"],"jetpack_featured_media_url":"https:\/\/zonaroja.com.mx\/wp-content\/uploads\/2019\/12\/Triqui1.jpg","jetpack_sharing_enabled":true,"_links":{"self":[{"href":"https:\/\/zonaroja.com.mx\/index.php?rest_route=\/wp\/v2\/posts\/7032","targetHints":{"allow":["GET"]}}],"collection":[{"href":"https:\/\/zonaroja.com.mx\/index.php?rest_route=\/wp\/v2\/posts"}],"about":[{"href":"https:\/\/zonaroja.com.mx\/index.php?rest_route=\/wp\/v2\/types\/post"}],"author":[{"embeddable":true,"href":"https:\/\/zonaroja.com.mx\/index.php?rest_route=\/wp\/v2\/users\/2"}],"replies":[{"embeddable":true,"href":"https:\/\/zonaroja.com.mx\/index.php?rest_route=%2Fwp%2Fv2%2Fcomments&post=7032"}],"version-history":[{"count":1,"href":"https:\/\/zonaroja.com.mx\/index.php?rest_route=\/wp\/v2\/posts\/7032\/revisions"}],"predecessor-version":[{"id":7034,"href":"https:\/\/zonaroja.com.mx\/index.php?rest_route=\/wp\/v2\/posts\/7032\/revisions\/7034"}],"wp:featuredmedia":[{"embeddable":true,"href":"https:\/\/zonaroja.com.mx\/index.php?rest_route=\/wp\/v2\/media\/7033"}],"wp:attachment":[{"href":"https:\/\/zonaroja.com.mx\/index.php?rest_route=%2Fwp%2Fv2%2Fmedia&parent=7032"}],"wp:term":[{"taxonomy":"category","embeddable":true,"href":"https:\/\/zonaroja.com.mx\/index.php?rest_route=%2Fwp%2Fv2%2Fcategories&post=7032"},{"taxonomy":"post_tag","embeddable":true,"href":"https:\/\/zonaroja.com.mx\/index.php?rest_route=%2Fwp%2Fv2%2Ftags&post=7032"}],"curies":[{"name":"wp","href":"https:\/\/api.w.org\/{rel}","templated":true}]}}