{"id":70321,"date":"2024-07-12T19:26:18","date_gmt":"2024-07-13T01:26:18","guid":{"rendered":"https:\/\/zonaroja.com.mx\/?p=70321"},"modified":"2024-07-12T19:26:20","modified_gmt":"2024-07-13T01:26:20","slug":"muestra-el-iago-bocetos-ineditos-de-francisco-toledo","status":"publish","type":"post","link":"https:\/\/zonaroja.com.mx\/?p=70321","title":{"rendered":"Muestra el IAGO bocetos in\u00e9ditos de Francisco Toledo"},"content":{"rendered":"\n<p>Redacci\u00f3n\/Zona Roja.<\/p>\n\n\n\n<p>Oaxaca de Ju\u00e1rez, Oax., a 12 de julio de 2024.-&nbsp;M\u00e1s de un centenar de dibujos del artista Francisco Toledo se pueden apreciar en la exposici\u00f3n&nbsp;\u201cDibujos preparatorios. Toledo Ve\u201d&nbsp;en el Instituto de Artes Gr\u00e1ficas de Oaxaca (IAGO), estos son bocetos de las obras que integran la muestra&nbsp;\u201cToledo Ve\u201d&nbsp;en el Centro de las Artes de San Agust\u00edn (CaSa).&nbsp;<\/p>\n\n\n\n<p>Hazam Jara, director del IAGO, mencion\u00f3 que \u201cparte de lo que es interesante de la exposici\u00f3n es ver los papeles sobre los cuales el maestro realiz\u00f3 el dibujo, se ve la inmediatez con lo que lo hac\u00eda, pod\u00eda estar en una junta, tomando un caf\u00e9 o de pronto se le ocurr\u00eda una idea, y la dibujaba en lo que tuviera al alcance, una servilleta, una revista o un recibo de luz, y sobre esa idea trabajaba muchas versiones, creo que hay pocos artistas que trabajan de esa manera.<\/p>\n\n\n\n<p>\u201cPocas veces logras ver que una idea que est\u00e1 como boceto en un papel se vuelva parte de un espacio arquitect\u00f3nico, como sucede con las rejas, las baldosas, los vitrales, entre otras. Cuando el maestro decidi\u00f3 en 2018 presentar una primera parte reducida de la exposici\u00f3n&nbsp;\u2018Toledo Ve\u2019, quer\u00eda que los j\u00f3venes voltearon a ver lo que tienen a su alrededor, que se dieran cuenta de la belleza que hay en los objetos cotidianos que uno encuentra en mercados o en la calle\u201d.<\/p>\n\n\n\n<p>Desde el CaSa, el director del IAGO trabaj\u00f3 con el maestro Toledo varias de las piezas que est\u00e1n en la exposici\u00f3n \u201cToledo Ve\u201d, \u201cllegaba al CaSa con los dibujos y ah\u00ed empezaba la exploraci\u00f3n del artista hasta llegar a una pieza final que lo convenciera, a veces se hac\u00edan varias pruebas, el maestro trabaja muy r\u00e1pido y todo el tiempo se le iba ocurriendo algo m\u00e1s para mejorar el dise\u00f1o de su propuesta\u201d.<\/p>\n\n\n\n<figure class=\"wp-block-embed is-type-rich is-provider-twitter wp-block-embed-twitter\"><div class=\"wp-block-embed__wrapper\">\n<div class=\"twitter-tweet\"><blockquote class=\"twitter-tweet\" data-lang=\"es\"><p lang=\"es\" dir=\"ltr\"><a href=\"https:\/\/twitter.com\/hashtag\/ENVIVO?src=hash&amp;ref_src=twsrc%5Etfw\">#ENVIVO<\/a><br>Oaxaca, Oax., a 12 de julio de 2024.- Sara L\u00f3pez, hija del artista pl\u00e1stico Francisco Toledo, y Hazam Jara, director del <a href=\"https:\/\/twitter.com\/IAGO_mx?ref_src=twsrc%5Etfw\">@IAGO_mx<\/a> presentaron a exposici\u00f3n \u201cDibujos preparatorios. Toledo Ve\u201d, compuesta por bocetos in\u00e9ditos. <br>Vea \ud83d\udc47<a href=\"https:\/\/t.co\/tidjUzOQSt\">https:\/\/t.co\/tidjUzOQSt<\/a>?<\/p>&mdash; Zona Roja Oaxaca (@ZonaRoja_Oaxaca) <a href=\"https:\/\/twitter.com\/ZonaRoja_Oaxaca\/status\/1811877688958726282?ref_src=twsrc%5Etfw\">12 de julio de 2024<\/a><\/blockquote><\/div>\n<\/div><\/figure>\n\n\n\n<p>Los dibujos que se presentan son in\u00e9ditos y, en presencia de Sara L\u00f3pez, hija del destacado artista pl\u00e1stico, Hazam Jara agradeci\u00f3 el apoyo de la familia del maestro Toledo para exponer las obras, que son parte de la colecci\u00f3n de Amigos del IAGO y del CFMAB A.C.&nbsp;<\/p>\n\n\n\n<p>En el texto que acompa\u00f1a la muestra, Daniel Brena cont\u00f3 que \u201ca los 13 a\u00f1os, Francisco Toledo sali\u00f3 del Istmo de Tehuantepec para estudiar la secundaria en la ciudad de Oaxaca. Al llegar, qued\u00f3 deslumbrado por la riqueza del dise\u00f1o que encontr\u00f3. Nunca hab\u00eda vivido en una ciudad que protegiera sus edificios con herrer\u00eda, ni que agregara esculturas a su arquitectura. M\u00e1s adelante, se form\u00f3 en una escuela en la Ciudad de M\u00e9xico que promov\u00eda la integraci\u00f3n del arte con la arquitectura. Ah\u00ed entendi\u00f3 que los artistas pueden crear desde pinturas y grabados hasta vitrales y rejas\u201d.<\/p>\n\n\n\n<p>En&nbsp;\u201cDibujos preparatorios\u201d,&nbsp;detall\u00f3 Brena, \u201cse re\u00fanen m\u00e1s de 100 obras sobre papel que sirvieron para explorar soluciones para distintas piezas. Despu\u00e9s de una catalogaci\u00f3n, se agruparon en conjuntos y se escogieron aquellos m\u00e1s relevantes: calcetines, peinetas, rejas, textiles, bocetos y dibujos, cruces, gatos. Una gran parte de estos dibujos no culminaron en alg\u00fan objeto final. Se desecharon en favor de otra opci\u00f3n o simplemente fueron relegados\u201d.<\/p>\n\n\n\n<p>Adem\u00e1s indic\u00f3 que el Centro Fotogr\u00e1fico Manuel \u00c1lvarez Bravo, mostrar\u00e1 en&nbsp;\u201cVer a Toledo\u201d, al artista desde la perspectiva de distintos fot\u00f3grafos, complementando las exposiciones en el IAGO y CaSa.<\/p>\n\n\n\n<p>\u201cDibujos preparatorios. Toledo Ve\u201d,&nbsp;podr\u00e1 visitarse en el IAGO del viernes 12 de julio a diciembre de 2024, el museo abre de mi\u00e9rcoles a domingo en un horario de 09:00 a 20:00 horas, la entrada es gratuita.<\/p>\n","protected":false},"excerpt":{"rendered":"<p>Redacci\u00f3n\/Zona Roja. Oaxaca de Ju\u00e1rez, Oax., a 12 de julio de 2024.-&nbsp;M\u00e1s de un centenar&hellip;<\/p>\n","protected":false},"author":2,"featured_media":70324,"comment_status":"closed","ping_status":"open","sticky":false,"template":"","format":"standard","meta":{"_lmt_disableupdate":"","_lmt_disable":"","_jetpack_memberships_contains_paid_content":false,"footnotes":""},"categories":[109,46],"tags":[677],"class_list":["post-70321","post","type-post","status-publish","format-standard","has-post-thumbnail","hentry","category-minuto-a-minuto","category-zona-blanca","tag-francisco-toledo"],"jetpack_featured_media_url":"https:\/\/zonaroja.com.mx\/wp-content\/uploads\/2024\/07\/Toledo-ve-IAGO-Instituto-de-Artes-Graficas.jpg","jetpack_sharing_enabled":true,"_links":{"self":[{"href":"https:\/\/zonaroja.com.mx\/index.php?rest_route=\/wp\/v2\/posts\/70321","targetHints":{"allow":["GET"]}}],"collection":[{"href":"https:\/\/zonaroja.com.mx\/index.php?rest_route=\/wp\/v2\/posts"}],"about":[{"href":"https:\/\/zonaroja.com.mx\/index.php?rest_route=\/wp\/v2\/types\/post"}],"author":[{"embeddable":true,"href":"https:\/\/zonaroja.com.mx\/index.php?rest_route=\/wp\/v2\/users\/2"}],"replies":[{"embeddable":true,"href":"https:\/\/zonaroja.com.mx\/index.php?rest_route=%2Fwp%2Fv2%2Fcomments&post=70321"}],"version-history":[{"count":1,"href":"https:\/\/zonaroja.com.mx\/index.php?rest_route=\/wp\/v2\/posts\/70321\/revisions"}],"predecessor-version":[{"id":70325,"href":"https:\/\/zonaroja.com.mx\/index.php?rest_route=\/wp\/v2\/posts\/70321\/revisions\/70325"}],"wp:featuredmedia":[{"embeddable":true,"href":"https:\/\/zonaroja.com.mx\/index.php?rest_route=\/wp\/v2\/media\/70324"}],"wp:attachment":[{"href":"https:\/\/zonaroja.com.mx\/index.php?rest_route=%2Fwp%2Fv2%2Fmedia&parent=70321"}],"wp:term":[{"taxonomy":"category","embeddable":true,"href":"https:\/\/zonaroja.com.mx\/index.php?rest_route=%2Fwp%2Fv2%2Fcategories&post=70321"},{"taxonomy":"post_tag","embeddable":true,"href":"https:\/\/zonaroja.com.mx\/index.php?rest_route=%2Fwp%2Fv2%2Ftags&post=70321"}],"curies":[{"name":"wp","href":"https:\/\/api.w.org\/{rel}","templated":true}]}}