{"id":70329,"date":"2024-07-13T07:16:37","date_gmt":"2024-07-13T13:16:37","guid":{"rendered":"https:\/\/zonaroja.com.mx\/?p=70329"},"modified":"2024-07-13T07:16:38","modified_gmt":"2024-07-13T13:16:38","slug":"juez-federal-niega-libertad-a-indigena-por-ser-de-la-etnia-triqui","status":"publish","type":"post","link":"https:\/\/zonaroja.com.mx\/?p=70329","title":{"rendered":"Juez federal niega libertad a ind\u00edgena por ser de la etnia Triqui"},"content":{"rendered":"\n<p>Raymundo Morales\/Zona Roja.<\/p>\n\n\n\n<p>Oaxaca de Ju\u00e1rez, Oax., a 13 de julio de 2024.- Por considerar que \u201crepresenta un peligro para la sociedad\u201d debido a que es un ind\u00edgena de la etnia triqui, el juez octavo de Distrito, Rodolfo S\u00e1nchez Zepeda, ha negado que Juli\u00e1n Ram\u00edrez Gonz\u00e1lez, originario de San Andr\u00e9s Chicahuaxtla, lleve su proceso en libertad, pese a que el delito del que se le acusa no es grave.<\/p>\n\n\n\n<p>As\u00ed lo denunciaron integrantes del Comit\u00e9 de Defensa de los Derechos del Pueblo (Codep), quienes exigieron al Poder Judicial respetar la medida de amparo y conceder que el se\u00f1alado curse el juicio sin la prisi\u00f3n preventiva.<\/p>\n\n\n\n<p>De acuerdo con lo expuesto este viernes en conferencia de prensa en el z\u00f3calo de la capital de Oaxaca, al militante de la organizaci\u00f3n se le acusa del robo de un veh\u00edculo de Telecomm, junto con otras personas, ocurrido el 8 de octubre de 2010.<\/p>\n\n\n\n<p>Fue detenido a mediados del a\u00f1o 2022 y hasta el 18 de septiembre de 2022 se le dict\u00f3 auto de formal prisi\u00f3n, lo cual ya representa una primera arbitrariedad.<\/p>\n\n\n\n<p>Seg\u00fan narraron, en esa fecha el hombre se hallaba en la regi\u00f3n Valles Centrales pues dos d\u00edas antes su hijo fue atropellado por un veh\u00edculo federal y se negaban a cubrir la reparaci\u00f3n de da\u00f1os.<\/p>\n\n\n\n<p>Los denunciantes, entre ellos Ernesto L\u00f3pez, acusaron de que a pesar que es un delito no grave, reiteradamente el juez de distrito se niega a cumplir que sea puesto en libertad para seguir su proceso, pese a las apelaciones.<\/p>\n\n\n\n<p>Por lo cual, anunciaron una serie de movilizaciones en los pr\u00f3ximos d\u00edas, en caso de que la autoridad judicial no cumpla con el mandato legal, pues reiteraron que no hay ninguna agravante para que siga en prisi\u00f3n.<\/p>\n","protected":false},"excerpt":{"rendered":"<p>Raymundo Morales\/Zona Roja. Oaxaca de Ju\u00e1rez, Oax., a 13 de julio de 2024.- Por considerar&hellip;<\/p>\n","protected":false},"author":2,"featured_media":70330,"comment_status":"closed","ping_status":"open","sticky":false,"template":"","format":"standard","meta":{"_lmt_disableupdate":"","_lmt_disable":"","_jetpack_memberships_contains_paid_content":false,"footnotes":""},"categories":[109,47],"tags":[],"class_list":["post-70329","post","type-post","status-publish","format-standard","has-post-thumbnail","hentry","category-minuto-a-minuto","category-zona-gris"],"jetpack_featured_media_url":"https:\/\/zonaroja.com.mx\/wp-content\/uploads\/2024\/07\/Conferencia-Codep.jpg","jetpack_sharing_enabled":true,"_links":{"self":[{"href":"https:\/\/zonaroja.com.mx\/index.php?rest_route=\/wp\/v2\/posts\/70329","targetHints":{"allow":["GET"]}}],"collection":[{"href":"https:\/\/zonaroja.com.mx\/index.php?rest_route=\/wp\/v2\/posts"}],"about":[{"href":"https:\/\/zonaroja.com.mx\/index.php?rest_route=\/wp\/v2\/types\/post"}],"author":[{"embeddable":true,"href":"https:\/\/zonaroja.com.mx\/index.php?rest_route=\/wp\/v2\/users\/2"}],"replies":[{"embeddable":true,"href":"https:\/\/zonaroja.com.mx\/index.php?rest_route=%2Fwp%2Fv2%2Fcomments&post=70329"}],"version-history":[{"count":1,"href":"https:\/\/zonaroja.com.mx\/index.php?rest_route=\/wp\/v2\/posts\/70329\/revisions"}],"predecessor-version":[{"id":70331,"href":"https:\/\/zonaroja.com.mx\/index.php?rest_route=\/wp\/v2\/posts\/70329\/revisions\/70331"}],"wp:featuredmedia":[{"embeddable":true,"href":"https:\/\/zonaroja.com.mx\/index.php?rest_route=\/wp\/v2\/media\/70330"}],"wp:attachment":[{"href":"https:\/\/zonaroja.com.mx\/index.php?rest_route=%2Fwp%2Fv2%2Fmedia&parent=70329"}],"wp:term":[{"taxonomy":"category","embeddable":true,"href":"https:\/\/zonaroja.com.mx\/index.php?rest_route=%2Fwp%2Fv2%2Fcategories&post=70329"},{"taxonomy":"post_tag","embeddable":true,"href":"https:\/\/zonaroja.com.mx\/index.php?rest_route=%2Fwp%2Fv2%2Ftags&post=70329"}],"curies":[{"name":"wp","href":"https:\/\/api.w.org\/{rel}","templated":true}]}}