{"id":70332,"date":"2024-07-13T09:00:00","date_gmt":"2024-07-13T15:00:00","guid":{"rendered":"https:\/\/zonaroja.com.mx\/?p=70332"},"modified":"2024-07-13T07:19:40","modified_gmt":"2024-07-13T13:19:40","slug":"gobierno-de-oaxaca-de-juarez-nombra-visitante-distinguido-a-empresario-mexicano","status":"publish","type":"post","link":"https:\/\/zonaroja.com.mx\/?p=70332","title":{"rendered":"Gobierno de Oaxaca de Juarez nombra \u201cVisitante Distinguido\u201d a empresario mexicano"},"content":{"rendered":"\n<p>Redacci\u00f3n\/Zona Roja.<\/p>\n\n\n\n<p>Oaxaca de Ju\u00e1rez, Oax., a 14 de julio de 2024.- Por su contribuci\u00f3n y aportes a la econom\u00eda nacional, el presidente municipal Francisco Mart\u00ednez Neri hizo entrega del reconocimiento como \u201cVisitante Distinguido\u201d a Valent\u00edn Diez Morodo, presidente del Consejo Empresarial Mexicano de Comercio Exterior, Inversi\u00f3n y Tecnolog\u00eda.<\/p>\n\n\n\n<p>En el Sal\u00f3n Expresidentes, con la asistencia de personas empresarias, el edil capitalino destac\u00f3 el trabajo y el tiempo que don Valent\u00edn Diez Morodo ha dedicado en la construcci\u00f3n de mejores oportunidades para las y los mexicanos desde la iniciativa privada y a trav\u00e9s de las instituciones mexicanas.<\/p>\n\n\n\n<p>\u201cSean bienvenidas y bienvenidos como visitantes distinguidos a Oaxaca de Ju\u00e1rez, tierra que les entrega el coraz\u00f3n, enhorabuena\u201d, subray\u00f3 el primer concejal con la asistencia de Marina Ruiz Maza, esposa del condecorado.<\/p>\n\n\n\n<p>Abund\u00f3 que el reconocimiento \u201cVisitante Distinguido\u201d, busca hacer parte a las personas de la identidad que distingue a Oaxaca, tierra considerada como el coraz\u00f3n cultural de M\u00e9xico.<\/p>\n\n\n\n<p>\u201cEn Oaxaca anidan costumbres, leyendas, tradiciones, cultura que nos significa y que nos hace sentirnos muy orgullosos de formar parte de esta patria\u201d, concluy\u00f3 Francisco Mart\u00ednez Neri.<\/p>\n\n\n\n<p>Por otra parte, el tambi\u00e9n presidente del Consejo Consultivo del Instituto Mexicano para la Competitividad, Valent\u00edn Diez Morodo, mostr\u00f3 su benepl\u00e1cito al recibir la distinci\u00f3n y con ello, hacerlo parte de la cultura oaxaque\u00f1a.<\/p>\n\n\n\n<p>&nbsp;De acuerdo a datos biogr\u00e1ficos, Valent\u00edn Diez Morodo es Presidente del Consejo Consultivo de Grupo Modelo, parte de AB InBev, el grupo cervecero m\u00e1s grande del mundo.<\/p>\n","protected":false},"excerpt":{"rendered":"<p>Redacci\u00f3n\/Zona Roja. Oaxaca de Ju\u00e1rez, Oax., a 14 de julio de 2024.- Por su contribuci\u00f3n&hellip;<\/p>\n","protected":false},"author":2,"featured_media":70323,"comment_status":"closed","ping_status":"open","sticky":false,"template":"","format":"standard","meta":{"_lmt_disableupdate":"","_lmt_disable":"","_jetpack_memberships_contains_paid_content":false,"footnotes":""},"categories":[109,46],"tags":[148],"class_list":["post-70332","post","type-post","status-publish","format-standard","has-post-thumbnail","hentry","category-minuto-a-minuto","category-zona-blanca","tag-oaxaca-de-juarez"],"jetpack_featured_media_url":"https:\/\/zonaroja.com.mx\/wp-content\/uploads\/2024\/07\/Valentin-Diez-Morodo-y-Francisco-Martinez-Neri.jpeg","jetpack_sharing_enabled":true,"_links":{"self":[{"href":"https:\/\/zonaroja.com.mx\/index.php?rest_route=\/wp\/v2\/posts\/70332","targetHints":{"allow":["GET"]}}],"collection":[{"href":"https:\/\/zonaroja.com.mx\/index.php?rest_route=\/wp\/v2\/posts"}],"about":[{"href":"https:\/\/zonaroja.com.mx\/index.php?rest_route=\/wp\/v2\/types\/post"}],"author":[{"embeddable":true,"href":"https:\/\/zonaroja.com.mx\/index.php?rest_route=\/wp\/v2\/users\/2"}],"replies":[{"embeddable":true,"href":"https:\/\/zonaroja.com.mx\/index.php?rest_route=%2Fwp%2Fv2%2Fcomments&post=70332"}],"version-history":[{"count":1,"href":"https:\/\/zonaroja.com.mx\/index.php?rest_route=\/wp\/v2\/posts\/70332\/revisions"}],"predecessor-version":[{"id":70333,"href":"https:\/\/zonaroja.com.mx\/index.php?rest_route=\/wp\/v2\/posts\/70332\/revisions\/70333"}],"wp:featuredmedia":[{"embeddable":true,"href":"https:\/\/zonaroja.com.mx\/index.php?rest_route=\/wp\/v2\/media\/70323"}],"wp:attachment":[{"href":"https:\/\/zonaroja.com.mx\/index.php?rest_route=%2Fwp%2Fv2%2Fmedia&parent=70332"}],"wp:term":[{"taxonomy":"category","embeddable":true,"href":"https:\/\/zonaroja.com.mx\/index.php?rest_route=%2Fwp%2Fv2%2Fcategories&post=70332"},{"taxonomy":"post_tag","embeddable":true,"href":"https:\/\/zonaroja.com.mx\/index.php?rest_route=%2Fwp%2Fv2%2Ftags&post=70332"}],"curies":[{"name":"wp","href":"https:\/\/api.w.org\/{rel}","templated":true}]}}