{"id":70334,"date":"2024-07-13T10:00:00","date_gmt":"2024-07-13T16:00:00","guid":{"rendered":"https:\/\/zonaroja.com.mx\/?p=70334"},"modified":"2024-07-13T07:24:02","modified_gmt":"2024-07-13T13:24:02","slug":"sentencian-a-35-anos-al-autor-de-un-homicidio-en-puerto-escondido","status":"publish","type":"post","link":"https:\/\/zonaroja.com.mx\/?p=70334","title":{"rendered":"Sentencian a 35 a\u00f1os al autor de un homicidio en Puerto Escondido"},"content":{"rendered":"\n<p>Redacci\u00f3n\/Zona Roja.&nbsp;<\/p>\n\n\n\n<p>Oaxaca de Ju\u00e1rez, Oax., a 13 de julio de 2024.- Derivado del trabajo ministerial que realiza la Fiscal\u00eda General del Estado de Oaxaca (FGEO), se obtuvo una sentencia condenatoria de 35 a\u00f1os de prisi\u00f3n contra Mart\u00edn. G. L., por su responsabilidad en la comisi\u00f3n del delito de Homicidio Calificado con Ventaja en agravio de T.R.P., hechos ocurridos en la regi\u00f3n de la Costa.<\/p>\n\n\n\n<p>De acuerdo con lo asentado en el expediente penal, los hechos ocurrieron el 26 de julio de 2023, cuando la v\u00edctima se encontraba en una playa conocida como \u00abPuerto Piedra\u00bb del municipio de San Pedro Mixtepec, lugar donde lleg\u00f3 Mart\u00edn G.L., para agredirlo de manera violenta derivado de lo cual la v\u00edctima perdi\u00f3 la vida.<\/p>\n\n\n\n<p>Ante estos hechos, la FGEO inici\u00f3 las labores ministeriales a trav\u00e9s de la Vicefiscal\u00eda Regional de la Costa, que estableci\u00f3 s\u00f3lidas l\u00edneas de investigaci\u00f3n que permitieron obtener una orden de aprehensi\u00f3n contra el imputado para despu\u00e9s presentarlos ante el juzgado correspondiente.<\/p>\n\n\n\n<p>Luego que la Fiscal\u00eda General de Oaxaca aportar\u00e1 los datos de prueba sobre el caso, el Juez que atiende la causa dict\u00f3 sentencia condenatoria de 35 a\u00f1os de prisi\u00f3n contra M.G.L., por su responsabilidad en la comisi\u00f3n del delito de homicidio Calificado con Ventaja, adem\u00e1s que impuso el pago de 518 mil 700 pesos por concepto de reparaci\u00f3n del da\u00f1o.<\/p>\n\n\n\n<p>DETENIDO POR VIOLENTO<\/p>\n\n\n\n<p>En otro caso y como parte de la estrategia de cero tolerancia a delitos contra la mujer por raz\u00f3n de g\u00e9nero, la Fiscal\u00eda General dio cumplimiento a una orden de aprehensi\u00f3n en contra de una persona del sexo masculino identificada como I. R. G., por el delito de violencia familiar cometido en agravio de su esposa E. R. P., ocurrida en la regi\u00f3n de la Costa.&nbsp;<\/p>\n\n\n\n<p>De acuerdo con lo asentado en el expediente penal del caso, la v\u00edctima fue agredida de manera verbal y f\u00edsica el 7 de marzo de 2024, en el interior de un domicilio ubicado en la localidad de Uni\u00f3n del Palmar del municipio de Santa Mar\u00eda Tonameca, en el distrito de San Pedro Pochutla.<\/p>\n\n\n\n<p>Tras la denuncia interpuesta, la FGEO tom\u00f3 conocimiento del caso y, a trav\u00e9s de la Vicefiscal\u00eda Regional de la Costa, inici\u00f3 las investigaciones correspondientes, logrando obtener una orden de aprehensi\u00f3n contra I.R.G., quien fue detenido para posteriormente presentarlo ante el juzgado correspondiente.<\/p>\n","protected":false},"excerpt":{"rendered":"<p>Redacci\u00f3n\/Zona Roja.&nbsp; Oaxaca de Ju\u00e1rez, Oax., a 13 de julio de 2024.- Derivado del trabajo&hellip;<\/p>\n","protected":false},"author":2,"featured_media":70335,"comment_status":"closed","ping_status":"open","sticky":false,"template":"","format":"standard","meta":{"_lmt_disableupdate":"","_lmt_disable":"","_jetpack_memberships_contains_paid_content":false,"footnotes":""},"categories":[109,46],"tags":[494],"class_list":["post-70334","post","type-post","status-publish","format-standard","has-post-thumbnail","hentry","category-minuto-a-minuto","category-zona-blanca","tag-fiscalia-general-del-estado-de-oaxaca"],"jetpack_featured_media_url":"https:\/\/zonaroja.com.mx\/wp-content\/uploads\/2024\/07\/Juez-sentencia.jpeg","jetpack_sharing_enabled":true,"_links":{"self":[{"href":"https:\/\/zonaroja.com.mx\/index.php?rest_route=\/wp\/v2\/posts\/70334","targetHints":{"allow":["GET"]}}],"collection":[{"href":"https:\/\/zonaroja.com.mx\/index.php?rest_route=\/wp\/v2\/posts"}],"about":[{"href":"https:\/\/zonaroja.com.mx\/index.php?rest_route=\/wp\/v2\/types\/post"}],"author":[{"embeddable":true,"href":"https:\/\/zonaroja.com.mx\/index.php?rest_route=\/wp\/v2\/users\/2"}],"replies":[{"embeddable":true,"href":"https:\/\/zonaroja.com.mx\/index.php?rest_route=%2Fwp%2Fv2%2Fcomments&post=70334"}],"version-history":[{"count":1,"href":"https:\/\/zonaroja.com.mx\/index.php?rest_route=\/wp\/v2\/posts\/70334\/revisions"}],"predecessor-version":[{"id":70336,"href":"https:\/\/zonaroja.com.mx\/index.php?rest_route=\/wp\/v2\/posts\/70334\/revisions\/70336"}],"wp:featuredmedia":[{"embeddable":true,"href":"https:\/\/zonaroja.com.mx\/index.php?rest_route=\/wp\/v2\/media\/70335"}],"wp:attachment":[{"href":"https:\/\/zonaroja.com.mx\/index.php?rest_route=%2Fwp%2Fv2%2Fmedia&parent=70334"}],"wp:term":[{"taxonomy":"category","embeddable":true,"href":"https:\/\/zonaroja.com.mx\/index.php?rest_route=%2Fwp%2Fv2%2Fcategories&post=70334"},{"taxonomy":"post_tag","embeddable":true,"href":"https:\/\/zonaroja.com.mx\/index.php?rest_route=%2Fwp%2Fv2%2Ftags&post=70334"}],"curies":[{"name":"wp","href":"https:\/\/api.w.org\/{rel}","templated":true}]}}