{"id":70337,"date":"2024-07-13T12:00:00","date_gmt":"2024-07-13T18:00:00","guid":{"rendered":"https:\/\/zonaroja.com.mx\/?p=70337"},"modified":"2024-07-13T07:35:51","modified_gmt":"2024-07-13T13:35:51","slug":"el-covid-19-sigue-causando-mil-700-muertes-a-la-semana-en-el-mundo-oms","status":"publish","type":"post","link":"https:\/\/zonaroja.com.mx\/?p=70337","title":{"rendered":"El Covid-19 sigue causando mil 700 muertes a la semana en el mundo: OMS"},"content":{"rendered":"\n<p>Redacci\u00f3n\/Zona Roja Cdmx.<\/p>\n\n\n\n<p>Ciudad de M\u00e9xico, a 13 de julio de 2024.- El Covid-19 sigue causando unas mil 700 muertes a la semana en todo el mundo, declar\u00f3 la Organizaci\u00f3n Mundial de la Salud (OMS), que pidi\u00f3 que la poblaci\u00f3n de riesgo siga vacun\u00e1ndose contra la enfermedad.<\/p>\n\n\n\n<p>El director general de la OMS, Tedros Adhanom Ghebreyesus, alert\u00f3 durante una rueda de prensa en la ciudad suiza de Ginebra contra el descenso de la cobertura de inmunizaci\u00f3n.<\/p>\n\n\n\n<p>A pesar de estas muertes, \u00ablos datos muestran que la cobertura de vacunaci\u00f3n&nbsp;disminuy\u00f3 entre los trabajadores de la salud y las personas mayores de 60 a\u00f1os, dos de los grupos de mayor riesgo\u00bb, lament\u00f3.<\/p>\n\n\n\n<p>\u00abLa OMS recomienda que las personas que pertenezcan a los grupos de mayor riesgo reciban una vacuna contra el Covid-19 en los 12 meses siguientes a su \u00faltima dosis\u00bb, a\u00f1adi\u00f3 el jefe de la organizaci\u00f3n.<\/p>\n\n\n\n<p>La OMS tiene constancia de m\u00e1s de siete millones de muertes por esta enfermedad, aunque el n\u00famero real de v\u00edctimas de la pandemia parece ser mucho mayor.<\/p>\n\n\n\n<p>El coronavirus, causante del Covid-19, se detect\u00f3 por primera vez en Wuhan, China, a finales de 2019.<\/p>\n\n\n\n<p>La OMS ha instado a los gobiernos a mantener la vigilancia y secuenciaci\u00f3n del virus y a garantizar el acceso a pruebas, tratamientos y vacunas asequibles y fiables.<\/p>\n\n\n\n<p>(Informaci\u00f3n de la agencia AFP en \u201cMilenio\u201d)<\/p>\n","protected":false},"excerpt":{"rendered":"<p>Redacci\u00f3n\/Zona Roja Cdmx. Ciudad de M\u00e9xico, a 13 de julio de 2024.- El Covid-19 sigue&hellip;<\/p>\n","protected":false},"author":2,"featured_media":67852,"comment_status":"closed","ping_status":"open","sticky":false,"template":"","format":"standard","meta":{"_lmt_disableupdate":"","_lmt_disable":"","_jetpack_memberships_contains_paid_content":false,"footnotes":""},"categories":[109,47],"tags":[3669],"class_list":["post-70337","post","type-post","status-publish","format-standard","has-post-thumbnail","hentry","category-minuto-a-minuto","category-zona-gris","tag-covid-19"],"jetpack_featured_media_url":"https:\/\/zonaroja.com.mx\/wp-content\/uploads\/2024\/05\/Muertos-Covid-19.jpeg","jetpack_sharing_enabled":true,"_links":{"self":[{"href":"https:\/\/zonaroja.com.mx\/index.php?rest_route=\/wp\/v2\/posts\/70337","targetHints":{"allow":["GET"]}}],"collection":[{"href":"https:\/\/zonaroja.com.mx\/index.php?rest_route=\/wp\/v2\/posts"}],"about":[{"href":"https:\/\/zonaroja.com.mx\/index.php?rest_route=\/wp\/v2\/types\/post"}],"author":[{"embeddable":true,"href":"https:\/\/zonaroja.com.mx\/index.php?rest_route=\/wp\/v2\/users\/2"}],"replies":[{"embeddable":true,"href":"https:\/\/zonaroja.com.mx\/index.php?rest_route=%2Fwp%2Fv2%2Fcomments&post=70337"}],"version-history":[{"count":1,"href":"https:\/\/zonaroja.com.mx\/index.php?rest_route=\/wp\/v2\/posts\/70337\/revisions"}],"predecessor-version":[{"id":70338,"href":"https:\/\/zonaroja.com.mx\/index.php?rest_route=\/wp\/v2\/posts\/70337\/revisions\/70338"}],"wp:featuredmedia":[{"embeddable":true,"href":"https:\/\/zonaroja.com.mx\/index.php?rest_route=\/wp\/v2\/media\/67852"}],"wp:attachment":[{"href":"https:\/\/zonaroja.com.mx\/index.php?rest_route=%2Fwp%2Fv2%2Fmedia&parent=70337"}],"wp:term":[{"taxonomy":"category","embeddable":true,"href":"https:\/\/zonaroja.com.mx\/index.php?rest_route=%2Fwp%2Fv2%2Fcategories&post=70337"},{"taxonomy":"post_tag","embeddable":true,"href":"https:\/\/zonaroja.com.mx\/index.php?rest_route=%2Fwp%2Fv2%2Ftags&post=70337"}],"curies":[{"name":"wp","href":"https:\/\/api.w.org\/{rel}","templated":true}]}}