{"id":70339,"date":"2024-07-13T10:00:00","date_gmt":"2024-07-13T16:00:00","guid":{"rendered":"https:\/\/zonaroja.com.mx\/?p=70339"},"modified":"2024-07-13T08:03:02","modified_gmt":"2024-07-13T14:03:02","slug":"nuevamente-la-seccion-22-del-snte-asume-papel-administrativo-en-oaxaca","status":"publish","type":"post","link":"https:\/\/zonaroja.com.mx\/?p=70339","title":{"rendered":"Nuevamente la Secci\u00f3n 22 del SNTE asume papel administrativo en Oaxaca"},"content":{"rendered":"\n<p>Ismael Garc\u00eda M.\/Zona Roja.<\/p>\n\n\n\n<p>Oaxaca de Ju\u00e1rez, Oax., a 13 de julio de 2024.- Como no suced\u00eda desde hace casi una d\u00e9cada, de nuevo la Secci\u00f3n 22 del Sindicato Nacional de Trabajadores de la Educaci\u00f3n toma determinaciones en la educaci\u00f3n en Oaxaca.<\/p>\n\n\n\n<p>Recientemente se atribuy\u00f3 la calendarizaci\u00f3n de la entrega de vales para uniformes escolares \u2014que ha generado diversos conflictos, entre ellos bloqueos carreteros\u2014 y ahora comenz\u00f3 a difundir la lista de aceptados para el nuevo ingreso en escuelas normales, lo que no ha hecho el Instituto Estatal de Educaci\u00f3n P\u00fablica de Oaxaca.<\/p>\n\n\n\n<p>En el transcurso de la semana pasada, ha dado a conocer las listas completas de los resultados de nuevo ingreso para los planteles en que se forman los futuros maestros.<\/p>\n\n\n\n<p>Entre ellos la Escuela Normal Experimental de Hujuapam (sic), la Normal Experimental \u201cL\u00e1zaro C\u00e1rdenas\u201d, la Normal de Educaci\u00f3n Especial, la Normal Biling\u00fce Intercultural de Oaxaca, el Centro Regional de Educaci\u00f3n Normal de Oaxaca y la Normal de R\u00edo Grande.<\/p>\n\n\n\n<p>En cada una de las publicaciones que hace en la red social Facebook, la Secci\u00f3n 22 del SNTE remarca sus arengas en contra de la USICAMM y a favor de su Plan para la Transformaci\u00f3n de la Educaci\u00f3n de Oaxaca (PTEO), que se encuentra en an\u00e1lisis en el Congreso del Estado.<\/p>\n\n\n\n<p>Hasta el momento el IEEPO no ha emitido una postura al respecto pero paulatinamente el magisterio recupera el control administrativo de la instituci\u00f3n que ahora preside Emilio Montero P\u00e9rez.<\/p>\n\n\n\n<p>Antes de la reforma federal y estatal del a\u00f1o 2015, la Secci\u00f3n 22 participaba en todas las decisiones en materia educativa e incluso propon\u00eda candidatos para ocupar cargos en el Instituto, lo que lo convert\u00eda en patr\u00f3n y a la vez empleado.<\/p>\n","protected":false},"excerpt":{"rendered":"<p>Ismael Garc\u00eda M.\/Zona Roja. Oaxaca de Ju\u00e1rez, Oax., a 13 de julio de 2024.- Como&hellip;<\/p>\n","protected":false},"author":2,"featured_media":70340,"comment_status":"closed","ping_status":"open","sticky":false,"template":"","format":"standard","meta":{"_lmt_disableupdate":"","_lmt_disable":"","_jetpack_memberships_contains_paid_content":false,"footnotes":""},"categories":[109,47],"tags":[312],"class_list":["post-70339","post","type-post","status-publish","format-standard","has-post-thumbnail","hentry","category-minuto-a-minuto","category-zona-gris","tag-seccion-22-del-snte"],"jetpack_featured_media_url":"https:\/\/zonaroja.com.mx\/wp-content\/uploads\/2024\/07\/Seccion-22-del-SNTE-.jpg","jetpack_sharing_enabled":true,"_links":{"self":[{"href":"https:\/\/zonaroja.com.mx\/index.php?rest_route=\/wp\/v2\/posts\/70339","targetHints":{"allow":["GET"]}}],"collection":[{"href":"https:\/\/zonaroja.com.mx\/index.php?rest_route=\/wp\/v2\/posts"}],"about":[{"href":"https:\/\/zonaroja.com.mx\/index.php?rest_route=\/wp\/v2\/types\/post"}],"author":[{"embeddable":true,"href":"https:\/\/zonaroja.com.mx\/index.php?rest_route=\/wp\/v2\/users\/2"}],"replies":[{"embeddable":true,"href":"https:\/\/zonaroja.com.mx\/index.php?rest_route=%2Fwp%2Fv2%2Fcomments&post=70339"}],"version-history":[{"count":1,"href":"https:\/\/zonaroja.com.mx\/index.php?rest_route=\/wp\/v2\/posts\/70339\/revisions"}],"predecessor-version":[{"id":70341,"href":"https:\/\/zonaroja.com.mx\/index.php?rest_route=\/wp\/v2\/posts\/70339\/revisions\/70341"}],"wp:featuredmedia":[{"embeddable":true,"href":"https:\/\/zonaroja.com.mx\/index.php?rest_route=\/wp\/v2\/media\/70340"}],"wp:attachment":[{"href":"https:\/\/zonaroja.com.mx\/index.php?rest_route=%2Fwp%2Fv2%2Fmedia&parent=70339"}],"wp:term":[{"taxonomy":"category","embeddable":true,"href":"https:\/\/zonaroja.com.mx\/index.php?rest_route=%2Fwp%2Fv2%2Fcategories&post=70339"},{"taxonomy":"post_tag","embeddable":true,"href":"https:\/\/zonaroja.com.mx\/index.php?rest_route=%2Fwp%2Fv2%2Ftags&post=70339"}],"curies":[{"name":"wp","href":"https:\/\/api.w.org\/{rel}","templated":true}]}}