{"id":70345,"date":"2024-07-13T13:12:00","date_gmt":"2024-07-13T19:12:00","guid":{"rendered":"https:\/\/zonaroja.com.mx\/?p=70345"},"modified":"2024-07-13T08:14:13","modified_gmt":"2024-07-13T14:14:13","slug":"al-55-de-norteamericanos-les-gustaria-que-se-redujera-la-migracion","status":"publish","type":"post","link":"https:\/\/zonaroja.com.mx\/?p=70345","title":{"rendered":"Al 55% de norteamericanos les gustar\u00eda que se redujera la migraci\u00f3n"},"content":{"rendered":"\n<p>Redacci\u00f3n\/Zona Roja Cdmx.<\/p>\n\n\n\n<p>Ciudad de M\u00e9xico, a 13 de julio de 2024.- Al 55 por ciento de adultos en Estados Unidos le gustar\u00eda que se redujera la inmigraci\u00f3n en el pa\u00eds, una opini\u00f3n que no se registraba desde 2005 en el pa\u00eds, seg\u00fan una encuesta de Gallup publicada este viernes.<\/p>\n\n\n\n<p>Adem\u00e1s, el 76 por ciento est\u00e1 a favor de la contrataci\u00f3n de m\u00e1s agentes de la Patrulla Fronteriza, y el 63 % de permitir al Gobierno que proh\u00edba temporalmente a las personas buscar asilo cuando la frontera con M\u00e9xico est\u00e9 desbordada.<\/p>\n\n\n\n<p>Igualmente, por primera vez una mayor\u00eda (53 %) est\u00e1 a favor de ampliar la construcci\u00f3n de muros a lo largo de la frontera con Estados Unidos.<\/p>\n\n\n\n<p>Las actitudes ante la inmigraci\u00f3n han cambiado mucho durante los \u00faltimos cuatro a\u00f1os. En 2020 y 2021, casi la misma cantidad de personas quer\u00edan ver un aumento de la inmigraci\u00f3n (34 %) que mantener los niveles existentes (36 %), y menos estadounidenses estaban a favor de disminuciones (30 %), resalt\u00f3 la encuestadora.<\/p>\n\n\n\n<p>El a\u00f1o pasado solo el 41 por ciento de los encuestados opinaba que la inmigraci\u00f3n se deber\u00eda reducir.<\/p>\n\n\n\n<p>En comparaci\u00f3n con 2023, el apoyo a reducir la inmigraci\u00f3n entre los republicanos creci\u00f3 15 puntos hasta el 88 %, entre los independientes aument\u00f3 11 puntos hasta el 50 por ciento, y entre los dem\u00f3cratas hubo un incremento de 10 puntos hasta el 28 %.<\/p>\n\n\n\n<p>Los cambios de actitud se produjeron despu\u00e9s de que los cruces fronterizos irregulares alcanzaran niveles r\u00e9cord a finales del a\u00f1o pasado, destac\u00f3 la encuesta, realizada entre el 3 y el 23 de junio.<\/p>\n\n\n\n<p>(Con informaci\u00f3n de EFE)<\/p>\n","protected":false},"excerpt":{"rendered":"<p>Redacci\u00f3n\/Zona Roja Cdmx. Ciudad de M\u00e9xico, a 13 de julio de 2024.- Al 55 por&hellip;<\/p>\n","protected":false},"author":2,"featured_media":65705,"comment_status":"closed","ping_status":"open","sticky":false,"template":"","format":"standard","meta":{"_lmt_disableupdate":"","_lmt_disable":"","_jetpack_memberships_contains_paid_content":false,"footnotes":""},"categories":[109,47],"tags":[78],"class_list":["post-70345","post","type-post","status-publish","format-standard","has-post-thumbnail","hentry","category-minuto-a-minuto","category-zona-gris","tag-migrantes"],"jetpack_featured_media_url":"https:\/\/zonaroja.com.mx\/wp-content\/uploads\/2024\/02\/Migrantes-migracion.jpg","jetpack_sharing_enabled":true,"_links":{"self":[{"href":"https:\/\/zonaroja.com.mx\/index.php?rest_route=\/wp\/v2\/posts\/70345","targetHints":{"allow":["GET"]}}],"collection":[{"href":"https:\/\/zonaroja.com.mx\/index.php?rest_route=\/wp\/v2\/posts"}],"about":[{"href":"https:\/\/zonaroja.com.mx\/index.php?rest_route=\/wp\/v2\/types\/post"}],"author":[{"embeddable":true,"href":"https:\/\/zonaroja.com.mx\/index.php?rest_route=\/wp\/v2\/users\/2"}],"replies":[{"embeddable":true,"href":"https:\/\/zonaroja.com.mx\/index.php?rest_route=%2Fwp%2Fv2%2Fcomments&post=70345"}],"version-history":[{"count":1,"href":"https:\/\/zonaroja.com.mx\/index.php?rest_route=\/wp\/v2\/posts\/70345\/revisions"}],"predecessor-version":[{"id":70346,"href":"https:\/\/zonaroja.com.mx\/index.php?rest_route=\/wp\/v2\/posts\/70345\/revisions\/70346"}],"wp:featuredmedia":[{"embeddable":true,"href":"https:\/\/zonaroja.com.mx\/index.php?rest_route=\/wp\/v2\/media\/65705"}],"wp:attachment":[{"href":"https:\/\/zonaroja.com.mx\/index.php?rest_route=%2Fwp%2Fv2%2Fmedia&parent=70345"}],"wp:term":[{"taxonomy":"category","embeddable":true,"href":"https:\/\/zonaroja.com.mx\/index.php?rest_route=%2Fwp%2Fv2%2Fcategories&post=70345"},{"taxonomy":"post_tag","embeddable":true,"href":"https:\/\/zonaroja.com.mx\/index.php?rest_route=%2Fwp%2Fv2%2Ftags&post=70345"}],"curies":[{"name":"wp","href":"https:\/\/api.w.org\/{rel}","templated":true}]}}