{"id":70353,"date":"2024-07-14T07:33:00","date_gmt":"2024-07-14T13:33:00","guid":{"rendered":"https:\/\/zonaroja.com.mx\/?p=70353"},"modified":"2024-07-14T06:42:07","modified_gmt":"2024-07-14T12:42:07","slug":"identifican-al-tirador-que-intento-asesinar-a-donald-trump","status":"publish","type":"post","link":"https:\/\/zonaroja.com.mx\/?p=70353","title":{"rendered":"Identifican al tirador que intent\u00f3 asesinar a Donald Trump"},"content":{"rendered":"\n<p>Redacci\u00f3n\/Zona Roja Cdmx.<\/p>\n\n\n\n<p>Ciudad de M\u00e9xico, a 14 de julio de 2024.- Thomas Mathiew Crooks, un hombre de aproximadamente 20 a\u00f1os, ha sido identificado por el FBI como la persona que dispar\u00f3 contra el expresidente Donald Trump durante un acto de campa\u00f1a este s\u00e1bado, de acuerdo con reportes de \u201cNBC News\u201d.<\/p>\n\n\n\n<p>Se trata de un vecino de Bethel Park, Pensilvania, quien habr\u00eda muerto luego de que fuera \u201cneutralizado\u201d por agentes, tras el incidente que ocasion\u00f3 la muerte de uno de los asistentes y dej\u00f3 heridas a otras dos personas, quienes fueron hospitalizadas en estado grave.<\/p>\n\n\n\n<p>Trump afirm\u00f3 que result\u00f3 herido en la oreja derecha, luego de que se difundieran im\u00e1genes del expresidente con sangre en el rostro y con el pu\u00f1o en alto; sin embargo, su portavoz, Stephen Cheung, aclar\u00f3 que la vida del candidato no corre peligro.<\/p>\n\n\n\n<p>El teniente coronel de la polic\u00eda de Pensilvania, George Bivens, dijo que no puede confirmar todav\u00eda que el atacante haya sido un \u201clobo solitario\u201d o si ten\u00eda alg\u00fan c\u00f3mplice.<\/p>\n\n\n\n<p>La cadena CNN precis\u00f3 que, cuando los agentes llegaron hasta el francotirador, que se encontraba en una azotea desde donde hab\u00eda realizado los disparos, no llevaba encima ning\u00fan documento, lo que complic\u00f3 su identificaci\u00f3n durante horas.<\/p>\n\n\n\n<p>La oficina del FBI de Pittsburgh confirm\u00f3 este s\u00e1bado que el expresidente Donald Trump sufri\u00f3 un \u201cintento de magnicidio\u201d por parte de un tirador que fue abatido.<\/p>\n\n\n\n<p>El atacante, que iba vestido con ropa gris de camuflaje, se encontraba en un tejado afuera del per\u00edmetro del evento de campa\u00f1a de Trump, seg\u00fan indic\u00f3 el fiscal de distrito de Butler.<\/p>\n\n\n\n<p>Sobre el tipo de arma que se utiliz\u00f3 en el atentado contra Trump, el medio local de Pittsburgh WTAE asegur\u00f3 que el tirador us\u00f3 un fusil tipo AR-15 y dispar\u00f3 ocho tiros antes de ser abatido por los agentes del Servicio Secreto.<\/p>\n\n\n\n<p>Hasta el momento, se desconocen cu\u00e1les fueron sus motivaciones para llevar a cabo el atentado.<\/p>\n\n\n\n<p>BIDEN CONDENA<\/p>\n\n\n\n<p>El presidente Joe Biden conden\u00f3 el intento de asesinato contra Donald Trump, su virtual rival para las elecciones de noviembre pr\u00f3ximo, al remarcar que en Estados Unidos \u201cno hay lugar para este tipo de violencia\u201d.<\/p>\n\n\n\n<p>\u201cDebemos unirnos como una naci\u00f3n para condenarlo\u201d, public\u00f3 en su cuenta de X (antes Twitter)<\/p>\n\n\n\n<p>Joe Biden agradeci\u00f3 el trabajo del Servicio Secreto que protegi\u00f3 al virtual candidato republicano y a\u00f1adi\u00f3: \u201cEstoy agradecido de saber que est\u00e1 a salvo y bien. Estoy orando por \u00e9l y su familia\u201d.<\/p>\n\n\n\n<p>En una breve conferencia de prensa desde Delaware, Biden a\u00f1adi\u00f3 que el ataque fue \u201cuna locura, es una de las razones que tenemos para unir a este pa\u00eds. No podemos permitir que esto est\u00e9 sucediendo. No podemos ser as\u00ed, no podemos tolerar esto\u201d.<\/p>\n\n\n\n<p>(Informaci\u00f3n de \u201cEl Financiero\u201d)<\/p>\n","protected":false},"excerpt":{"rendered":"<p>Redacci\u00f3n\/Zona Roja Cdmx. Ciudad de M\u00e9xico, a 14 de julio de 2024.- Thomas Mathiew Crooks,&hellip;<\/p>\n","protected":false},"author":2,"featured_media":70354,"comment_status":"closed","ping_status":"open","sticky":false,"template":"","format":"standard","meta":{"_lmt_disableupdate":"","_lmt_disable":"","_jetpack_memberships_contains_paid_content":false,"footnotes":""},"categories":[109,47],"tags":[1060,3997],"class_list":["post-70353","post","type-post","status-publish","format-standard","has-post-thumbnail","hentry","category-minuto-a-minuto","category-zona-gris","tag-donald-trump","tag-pensilvania"],"jetpack_featured_media_url":"https:\/\/zonaroja.com.mx\/wp-content\/uploads\/2024\/07\/Atentado-Trump-Pensilvania.png.jpeg","jetpack_sharing_enabled":true,"_links":{"self":[{"href":"https:\/\/zonaroja.com.mx\/index.php?rest_route=\/wp\/v2\/posts\/70353","targetHints":{"allow":["GET"]}}],"collection":[{"href":"https:\/\/zonaroja.com.mx\/index.php?rest_route=\/wp\/v2\/posts"}],"about":[{"href":"https:\/\/zonaroja.com.mx\/index.php?rest_route=\/wp\/v2\/types\/post"}],"author":[{"embeddable":true,"href":"https:\/\/zonaroja.com.mx\/index.php?rest_route=\/wp\/v2\/users\/2"}],"replies":[{"embeddable":true,"href":"https:\/\/zonaroja.com.mx\/index.php?rest_route=%2Fwp%2Fv2%2Fcomments&post=70353"}],"version-history":[{"count":1,"href":"https:\/\/zonaroja.com.mx\/index.php?rest_route=\/wp\/v2\/posts\/70353\/revisions"}],"predecessor-version":[{"id":70355,"href":"https:\/\/zonaroja.com.mx\/index.php?rest_route=\/wp\/v2\/posts\/70353\/revisions\/70355"}],"wp:featuredmedia":[{"embeddable":true,"href":"https:\/\/zonaroja.com.mx\/index.php?rest_route=\/wp\/v2\/media\/70354"}],"wp:attachment":[{"href":"https:\/\/zonaroja.com.mx\/index.php?rest_route=%2Fwp%2Fv2%2Fmedia&parent=70353"}],"wp:term":[{"taxonomy":"category","embeddable":true,"href":"https:\/\/zonaroja.com.mx\/index.php?rest_route=%2Fwp%2Fv2%2Fcategories&post=70353"},{"taxonomy":"post_tag","embeddable":true,"href":"https:\/\/zonaroja.com.mx\/index.php?rest_route=%2Fwp%2Fv2%2Ftags&post=70353"}],"curies":[{"name":"wp","href":"https:\/\/api.w.org\/{rel}","templated":true}]}}