{"id":7036,"date":"2019-12-27T17:25:53","date_gmt":"2019-12-27T23:25:53","guid":{"rendered":"http:\/\/www.zonaroja.com.mx\/?p=7036"},"modified":"2019-12-27T17:29:29","modified_gmt":"2019-12-27T23:29:29","slug":"asesinan-en-canada-a-ingeniero-en-aeronautica-originario-de-oaxaca","status":"publish","type":"post","link":"https:\/\/zonaroja.com.mx\/?p=7036","title":{"rendered":"Asesinan en Canad\u00e1 a ingeniero en aeron\u00e1utica originario de Oaxaca"},"content":{"rendered":"\n<p>Redacci\u00f3n\/Zona Roja Cdmx.<\/p>\n\n\n\n<p>Ciudad de M\u00e9xico, 27 de diciembre de\n2019.- El ingeniero en aeron\u00e1utica originario de Oaxaca, Arturo Morales de Paz,\nquien ten\u00eda 33 a\u00f1os de edad, fue v\u00edctima de una agresi\u00f3n, en donde recibi\u00f3 al\nmenos cuatro pu\u00f1aladas a bordo de su autom\u00f3vil. <\/p>\n\n\n\n<p>Fue alrededor de las 20:30 horas\nlocales del mi\u00e9rcoles 18 de diciembre pasado, cuando autoridades del distrito\nOuest de la Surete du Qu\u00e9bec, encontraron dentro de su Mazda 2 a Arturo, quien\ntodav\u00eda segu\u00eda con vida. <\/p>\n\n\n\n<p>Inmediatamente la v\u00edctima fue\ntrasladada al hospital en donde muri\u00f3, posteriormente la familia del mexicano\nfue notificada de los acontecimientos. <\/p>\n\n\n\n<p>Morales estudi\u00f3 ingenier\u00eda en\nAerodin\u00e1mica en el Instituto Polit\u00e9cnico Nacional. Luego de egresar, trabaj\u00f3 en\nla planta Bombardier en Quer\u00e9taro y despu\u00e9s obtuvo un puesto en la compa\u00f1\u00eda\nAirbus de la ciudad de Mirable, en Quebec.<\/p>\n\n\n\n<p>Los hermanos de Arturo indicaron que el\njueves 19 de diciembre viajar\u00eda a su natal Miahuatl\u00e1n de Porfirio D\u00edaz, Oaxaca,\npara pasar las fiestas decembrinas con su familia.<\/p>\n","protected":false},"excerpt":{"rendered":"<p>Redacci\u00f3n\/Zona Roja Cdmx. Ciudad de M\u00e9xico, 27 de diciembre de 2019.- El ingeniero en aeron\u00e1utica&hellip;<\/p>\n","protected":false},"author":2,"featured_media":7037,"comment_status":"closed","ping_status":"open","sticky":false,"template":"","format":"standard","meta":{"_lmt_disableupdate":"","_lmt_disable":"","_jetpack_memberships_contains_paid_content":false,"footnotes":""},"categories":[109,51],"tags":[1186],"class_list":["post-7036","post","type-post","status-publish","format-standard","has-post-thumbnail","hentry","category-minuto-a-minuto","category-zona-roja","tag-arturo-morales-de-paz"],"jetpack_featured_media_url":"https:\/\/zonaroja.com.mx\/wp-content\/uploads\/2019\/12\/ingeniero-oaxaque\u00f1o.jpg","jetpack_sharing_enabled":true,"_links":{"self":[{"href":"https:\/\/zonaroja.com.mx\/index.php?rest_route=\/wp\/v2\/posts\/7036","targetHints":{"allow":["GET"]}}],"collection":[{"href":"https:\/\/zonaroja.com.mx\/index.php?rest_route=\/wp\/v2\/posts"}],"about":[{"href":"https:\/\/zonaroja.com.mx\/index.php?rest_route=\/wp\/v2\/types\/post"}],"author":[{"embeddable":true,"href":"https:\/\/zonaroja.com.mx\/index.php?rest_route=\/wp\/v2\/users\/2"}],"replies":[{"embeddable":true,"href":"https:\/\/zonaroja.com.mx\/index.php?rest_route=%2Fwp%2Fv2%2Fcomments&post=7036"}],"version-history":[{"count":1,"href":"https:\/\/zonaroja.com.mx\/index.php?rest_route=\/wp\/v2\/posts\/7036\/revisions"}],"predecessor-version":[{"id":7038,"href":"https:\/\/zonaroja.com.mx\/index.php?rest_route=\/wp\/v2\/posts\/7036\/revisions\/7038"}],"wp:featuredmedia":[{"embeddable":true,"href":"https:\/\/zonaroja.com.mx\/index.php?rest_route=\/wp\/v2\/media\/7037"}],"wp:attachment":[{"href":"https:\/\/zonaroja.com.mx\/index.php?rest_route=%2Fwp%2Fv2%2Fmedia&parent=7036"}],"wp:term":[{"taxonomy":"category","embeddable":true,"href":"https:\/\/zonaroja.com.mx\/index.php?rest_route=%2Fwp%2Fv2%2Fcategories&post=7036"},{"taxonomy":"post_tag","embeddable":true,"href":"https:\/\/zonaroja.com.mx\/index.php?rest_route=%2Fwp%2Fv2%2Ftags&post=7036"}],"curies":[{"name":"wp","href":"https:\/\/api.w.org\/{rel}","templated":true}]}}