{"id":70361,"date":"2024-07-14T12:00:00","date_gmt":"2024-07-14T18:00:00","guid":{"rendered":"https:\/\/zonaroja.com.mx\/?p=70361"},"modified":"2024-07-14T07:13:43","modified_gmt":"2024-07-14T13:13:43","slug":"opinion-epu-mexico-grave","status":"publish","type":"post","link":"https:\/\/zonaroja.com.mx\/?p=70361","title":{"rendered":"Opini\u00f3n. EPU, M\u00e9xico grave"},"content":{"rendered":"\n<p>Soledad Jarqu\u00edn Edgar*\/SemM\u00e9xico<\/p>\n\n\n\n<p>El Examen Peri\u00f3dico Universal (EPU), en su cuarto ciclo presentado en el Consejo General de Derechos Humanos, en Ginebra, Suiza, revel\u00f3 que en M\u00e9xico ha sido sistem\u00e1tica la violaci\u00f3n a los derechos humanos y en espec\u00edfico de las ni\u00f1as, adolescentes y mujeres y, por otro lado, tambi\u00e9n muestra que el \u00faltimo informe supera en m\u00e1s del 60 por ciento las recomendaciones comparado con los tres ex\u00e1menes anteriores juntos.<\/p>\n\n\n\n<p>En esta revisi\u00f3n, 115 pa\u00edses presentaron recomendaciones a M\u00e9xico por violaciones a derechos humanos al gobierno de Andr\u00e9s Manuel L\u00f3pez Obrador ya en la recta final de su sexenio y en lugar de cerrar con broche de oro, terminan por \u201ctomar nota\u201d de 14 asuntos, entre ellos la militarizaci\u00f3n, uso de la fuerza, espionaje y el desplazamiento forzado, lo cotidiano en M\u00e9xico.<\/p>\n\n\n\n<p>No se trata de ver el punto negro en la hoja blanca, porque habr\u00e1 quien diga que el gobierno mexicano acept\u00f3 el 96 por ciento de las recomendaciones, sin embargo, las organizaciones de la sociedad civil han sido claras, pues ante la gravedad de los problemas que hoy enfrentamos en esa convivencia impuesta con el crimen organizado y el desinter\u00e9s gubernamental, todo es grave y nada se puede dejar atr\u00e1s.<\/p>\n\n\n\n<p>Una quinta parte de las recomendaciones tienen que ver con las mujeres de todas las edades, en asuntos relacionados con la igualdad y no discriminaci\u00f3n, la violencia en todas sus formas, contextos y \u00e1mbitos; medidas de protecci\u00f3n, acceso a la justicia, fiscal\u00edas especializadas, recursos p\u00fablicos suficientes para prevenir, sancionar y erradicar la violencia contra las mujeres, existen casi una decena de recomendaciones relacionadas con la trata de mujeres, adolescentes y ni\u00f1as, as\u00ed como las relacionadas con el mercado laboral y brecha salarial, participaci\u00f3n pol\u00edtica.&nbsp;<\/p>\n\n\n\n<p>Es decir, si se trata de solo de mujeres, la mayor preocupaci\u00f3n de los pa\u00edses que hicieron estas recomendaciones, que reitero, representan la quinta parte del total, se refieren a la seguridad de las mujeres y, por ende, a la violencia contra ellas, y el acceso a la justicia, un problema grave que en M\u00e9xico se potencia gracias a la impunidad institucional.<\/p>\n\n\n\n<p>Otros problemas graves que le merecieron recomendaciones espec\u00edficas, as\u00ed como otras muy gen\u00e9ricas, es la desaparici\u00f3n forzada de personas, las violaciones a los derechos humanos de las personas defensoras y periodistas, los relacionados con la migraci\u00f3n o movilidad de personas y las ni\u00f1eces y juventudes, en n\u00fameros estamos hablando de casi cien recomendaciones sobre estos asuntos y todos atravesados por el g\u00e9nero.<\/p>\n\n\n\n<p>Hay sin duda preocupaci\u00f3n en el mundo por lo que sucede con las libertades en M\u00e9xico, en particular con los y las periodistas y las personas defensoras derivado de la persecuci\u00f3n, el espionaje, las agresiones y los asesinatos, de ah\u00ed el reiterado llamado internacional a no dejar m\u00e1s estos cr\u00edmenes en la impunidad y la gravedad, insisto, de cerrar los ojos ante una realidad como la militarizaci\u00f3n.<\/p>\n\n\n\n<p>En suma, el aumento de recomendaciones es reflejo de la persistente impunidad, de la nula pol\u00edtica de Andr\u00e9s Manuel L\u00f3pez Obrador en evitar la violaci\u00f3n a derechos. De ah\u00ed la importancia del trabajo realizado por las organizaciones de la sociedad civil, que nuevamente ponen en blanco y negro la gravedad del problema.<\/p>\n\n\n\n<p>*Periodista y activista feminista.<\/p>\n","protected":false},"excerpt":{"rendered":"<p>Soledad Jarqu\u00edn Edgar*\/SemM\u00e9xico El Examen Peri\u00f3dico Universal (EPU), en su cuarto ciclo presentado en el&hellip;<\/p>\n","protected":false},"author":2,"featured_media":68029,"comment_status":"closed","ping_status":"open","sticky":false,"template":"","format":"standard","meta":{"_lmt_disableupdate":"","_lmt_disable":"","_jetpack_memberships_contains_paid_content":false,"footnotes":""},"categories":[456,109],"tags":[1105],"class_list":["post-70361","post","type-post","status-publish","format-standard","has-post-thumbnail","hentry","category-columna","category-minuto-a-minuto","tag-soledad-jarquin-edgar"],"jetpack_featured_media_url":"https:\/\/zonaroja.com.mx\/wp-content\/uploads\/2024\/05\/Soledad-Jarquin-Edgar.jpg","jetpack_sharing_enabled":true,"_links":{"self":[{"href":"https:\/\/zonaroja.com.mx\/index.php?rest_route=\/wp\/v2\/posts\/70361","targetHints":{"allow":["GET"]}}],"collection":[{"href":"https:\/\/zonaroja.com.mx\/index.php?rest_route=\/wp\/v2\/posts"}],"about":[{"href":"https:\/\/zonaroja.com.mx\/index.php?rest_route=\/wp\/v2\/types\/post"}],"author":[{"embeddable":true,"href":"https:\/\/zonaroja.com.mx\/index.php?rest_route=\/wp\/v2\/users\/2"}],"replies":[{"embeddable":true,"href":"https:\/\/zonaroja.com.mx\/index.php?rest_route=%2Fwp%2Fv2%2Fcomments&post=70361"}],"version-history":[{"count":1,"href":"https:\/\/zonaroja.com.mx\/index.php?rest_route=\/wp\/v2\/posts\/70361\/revisions"}],"predecessor-version":[{"id":70362,"href":"https:\/\/zonaroja.com.mx\/index.php?rest_route=\/wp\/v2\/posts\/70361\/revisions\/70362"}],"wp:featuredmedia":[{"embeddable":true,"href":"https:\/\/zonaroja.com.mx\/index.php?rest_route=\/wp\/v2\/media\/68029"}],"wp:attachment":[{"href":"https:\/\/zonaroja.com.mx\/index.php?rest_route=%2Fwp%2Fv2%2Fmedia&parent=70361"}],"wp:term":[{"taxonomy":"category","embeddable":true,"href":"https:\/\/zonaroja.com.mx\/index.php?rest_route=%2Fwp%2Fv2%2Fcategories&post=70361"},{"taxonomy":"post_tag","embeddable":true,"href":"https:\/\/zonaroja.com.mx\/index.php?rest_route=%2Fwp%2Fv2%2Ftags&post=70361"}],"curies":[{"name":"wp","href":"https:\/\/api.w.org\/{rel}","templated":true}]}}