{"id":70367,"date":"2024-07-14T13:25:00","date_gmt":"2024-07-14T19:25:00","guid":{"rendered":"https:\/\/zonaroja.com.mx\/?p=70367"},"modified":"2024-07-14T07:29:48","modified_gmt":"2024-07-14T13:29:48","slug":"nuevo-ataque-de-israel-a-gaza-deja-cerca-de-100-muertos","status":"publish","type":"post","link":"https:\/\/zonaroja.com.mx\/?p=70367","title":{"rendered":"Nuevo ataque de Israel a Gaza deja cerca de 100 muertos"},"content":{"rendered":"\n<p>Redacci\u00f3n\/Zona Roja Cdmx.<\/p>\n\n\n\n<p>Ciudad de M\u00e9xico, a 14 de julio de 2024.- El Ministerio de Salud de la Franja de Gaza, gobernada por el movimiento islamista Hamas, anunci\u00f3 este s\u00e1bado que el balance de muertos de un bombardeo israel\u00ed contra el campamento de desplazados Al Mawasi, subi\u00f3 a 90 fallecidos.<\/p>\n\n\n\n<p>De acuerdo a autoridades israel\u00edes, el bombardeo tuvo como objetivo al jefe militar de Hamas, Mohamed Deif.<\/p>\n\n\n\n<p>En un comunicado, el Ministerio conden\u00f3 una \u00abmasacre atroz\u00bb y report\u00f3 que murieron 90 personas, \u00abla mitad de ellas mujeres y ni\u00f1os\u00bb, y que 300 resultaron heridas en ese ataque en el sur de la Franja de Gaza.&nbsp;<\/p>\n\n\n\n<p>Hamas se\u00f1al\u00f3 en un comunicado que las afirmaciones israel\u00edes de que hab\u00eda apuntado a l\u00edderes del grupo eran falsas y pretend\u00edan justificar el ataque.<\/p>\n\n\n\n<p>El Ej\u00e9rcito israel\u00ed dijo que el ataque contra Deif tambi\u00e9n ten\u00eda como objetivo a Rafa Salama, comandante de la Brigada Jan Yunis de Hamas. Describi\u00f3 a los hombres como dos de los autores intelectuales del ataque del 7 de octubre que desencaden\u00f3 la guerra en Gaza.<\/p>\n\n\n\n<p>Deif ha sobrevivido a siete intentos de asesinato, el \u00faltimo en 2021, y ha encabezado la lista de los m\u00e1s buscados por el Tel Aviv durante d\u00e9cadas.<\/p>\n\n\n\n<p>Al-Mawasi es una zona humanitaria designada a la que el Ej\u00e9rcito israel\u00ed ha instado repetidamente a los palestinos a dirigirse tras emitir \u00f3rdenes de evacuaci\u00f3n de otras zonas.<\/p>\n\n\n\n<p>El Ej\u00e9rcito israel\u00ed public\u00f3 una foto a\u00e9rea del lugar, que Reuters no pudo verificar inmediatamente, en la que dec\u00eda que \u00ablos terroristas se escond\u00edan entre civiles\u00bb. \u00abEl lugar del ataque era una zona abierta rodeada de \u00e1rboles, varios edificios y cobertizos\u00bb, se\u00f1al\u00f3 en un comunicado.<\/p>\n\n\n\n<p>Un funcionario militar dijo a periodistas en una sesi\u00f3n informativa en l\u00ednea que la zona no era un complejo de tiendas de campa\u00f1a, sino un complejo operativo dirigido por Hamas y que hab\u00eda varios militantes m\u00e1s all\u00ed, custodiando a Deif.<\/p>\n\n\n\n<p>No estaba claro si Deif hab\u00eda muerto. \u00abTodav\u00eda estamos comprobando y verificando los resultados del ataque\u00bb, dijo el oficial militar.<\/p>\n\n\n\n<p>Muchos de los heridos en el ataque fueron trasladados al cercano Hospital Nasser, que, seg\u00fan funcionarios, se hab\u00eda visto desbordado y \u00abya no pod\u00eda funcionar\u00bb debido a la intensidad de la ofensiva israel\u00ed y a la grave escasez de suministros m\u00e9dicos.<\/p>\n\n\n\n<p>El ministro de Defensa israel\u00ed, Yoav Gallant, mantuvo consultas especiales, seg\u00fan su oficina, a la luz de los \u00abacontecimientos en Gaza\u00bb. No estaba claro c\u00f3mo afectar\u00eda el ataque a las conversaciones de alto el fuego en curso en Doha y El Cairo.<\/p>\n\n\n\n<p>Por otra parte, al menos 10 palestinos murieron en un ataque israel\u00ed contra una sala de oraci\u00f3n en un campo de desplazados al oeste de la ciudad de Gaza, informaron responsables sanitarios palestinos.<\/p>\n\n\n\n<p>Im\u00e1genes de Reuters mostraban ambulancias corriendo hacia la zona entre nubes de humo y polvo. Los desplazados, entre los que hab\u00eda mujeres y ni\u00f1os, hu\u00edan despavoridos, algunos con sus pertenencias en las manos.<\/p>\n\n\n\n<p>(Informaci\u00f3n de Reuters y AFP en \u201cLa Jornada\u201d)<\/p>\n","protected":false},"excerpt":{"rendered":"<p>Redacci\u00f3n\/Zona Roja Cdmx. Ciudad de M\u00e9xico, a 14 de julio de 2024.- El Ministerio de&hellip;<\/p>\n","protected":false},"author":2,"featured_media":70368,"comment_status":"closed","ping_status":"open","sticky":false,"template":"","format":"standard","meta":{"_lmt_disableupdate":"","_lmt_disable":"","_jetpack_memberships_contains_paid_content":false,"footnotes":""},"categories":[109,47],"tags":[2668],"class_list":["post-70367","post","type-post","status-publish","format-standard","has-post-thumbnail","hentry","category-minuto-a-minuto","category-zona-gris","tag-conflicto-gaza-israel"],"jetpack_featured_media_url":"https:\/\/zonaroja.com.mx\/wp-content\/uploads\/2024\/07\/Ataque-Israel-a-Gaza.jpeg","jetpack_sharing_enabled":true,"_links":{"self":[{"href":"https:\/\/zonaroja.com.mx\/index.php?rest_route=\/wp\/v2\/posts\/70367","targetHints":{"allow":["GET"]}}],"collection":[{"href":"https:\/\/zonaroja.com.mx\/index.php?rest_route=\/wp\/v2\/posts"}],"about":[{"href":"https:\/\/zonaroja.com.mx\/index.php?rest_route=\/wp\/v2\/types\/post"}],"author":[{"embeddable":true,"href":"https:\/\/zonaroja.com.mx\/index.php?rest_route=\/wp\/v2\/users\/2"}],"replies":[{"embeddable":true,"href":"https:\/\/zonaroja.com.mx\/index.php?rest_route=%2Fwp%2Fv2%2Fcomments&post=70367"}],"version-history":[{"count":1,"href":"https:\/\/zonaroja.com.mx\/index.php?rest_route=\/wp\/v2\/posts\/70367\/revisions"}],"predecessor-version":[{"id":70369,"href":"https:\/\/zonaroja.com.mx\/index.php?rest_route=\/wp\/v2\/posts\/70367\/revisions\/70369"}],"wp:featuredmedia":[{"embeddable":true,"href":"https:\/\/zonaroja.com.mx\/index.php?rest_route=\/wp\/v2\/media\/70368"}],"wp:attachment":[{"href":"https:\/\/zonaroja.com.mx\/index.php?rest_route=%2Fwp%2Fv2%2Fmedia&parent=70367"}],"wp:term":[{"taxonomy":"category","embeddable":true,"href":"https:\/\/zonaroja.com.mx\/index.php?rest_route=%2Fwp%2Fv2%2Fcategories&post=70367"},{"taxonomy":"post_tag","embeddable":true,"href":"https:\/\/zonaroja.com.mx\/index.php?rest_route=%2Fwp%2Fv2%2Ftags&post=70367"}],"curies":[{"name":"wp","href":"https:\/\/api.w.org\/{rel}","templated":true}]}}