{"id":70370,"date":"2024-07-14T07:36:44","date_gmt":"2024-07-14T13:36:44","guid":{"rendered":"https:\/\/zonaroja.com.mx\/?p=70370"},"modified":"2024-07-14T07:36:46","modified_gmt":"2024-07-14T13:36:46","slug":"vinculan-a-proceso-a-presunto-autor-del-asesinato-de-paola-en-bc","status":"publish","type":"post","link":"https:\/\/zonaroja.com.mx\/?p=70370","title":{"rendered":"Vinculan a proceso a presunto autor del asesinato de Paola en BC"},"content":{"rendered":"\n<p>Redacci\u00f3n\/Zona Roja Cdmx.<\/p>\n\n\n\n<p>Ciudad de M\u00e9xico, a 14 de julio de 2024.- Sergio Daniel \u201cN\u201d, presunto autor del asesinato de Paola Andrea B. en Mexicali, Baja California, fue vinculado a proceso este s\u00e1bado.<\/p>\n\n\n\n<p>De acuerdo con informaci\u00f3n del diario \u201cLa Jornada\u201d, una tableta vinculada al celular de la v\u00edctima y un GPS en el veh\u00edculo Didi propiedad de una empresa, fueron claves para comenzar a esclarecer el caso.<\/p>\n\n\n\n<p>Este s\u00e1bado, en audiencia de control presidida por el juez Sergio Avelar se vincul\u00f3 a proceso al imputado por los delitos de Desaparici\u00f3n Forzada Agravada y por Feminicidio Agravado.<\/p>\n\n\n\n<p>Fij\u00f3 la medida cautelar de prisi\u00f3n preventiva y un plazo de seis meses para la Investigaci\u00f3n, refiere la informaci\u00f3n de \u201cLa Jornada\u201d.<\/p>\n\n\n\n<p>Paola Andrea Ba\u00f1uelos fue localizada muerta en un paraje del ejido Islas Agrarias este jueves.<\/p>\n\n\n\n<p>Los representantes de la fiscal\u00eda general en su narrativa para presumir la responsabilidad de Sergio Daniel explicaron que el celular de Paola fue encontrado por agentes investigadores con el apoyo de una tableta que estaba vinculada al aparato.<\/p>\n\n\n\n<p>El celular con la pantalla quebrada fue encontrado en un lote bald\u00edo en manos de un indigente por el bulevar G\u00f3mez Morin.<\/p>\n\n\n\n<p>La Fiscal\u00eda pidi\u00f3 informaci\u00f3n a la empresa Didi sobre los viajes de Paola y estableci\u00f3 que hab\u00eda hecho uno el lunes 8 afuera del bar \u00abLa Conse\u00bb.<\/p>\n\n\n\n<p>Se estableci\u00f3 que el taxi sali\u00f3 a las 2:15, pero hizo una pausa de 8 minutos y posteriormente, el ch\u00f3fer y victimario de Paola reinicia el recorrido hacia la ruta programada y es cuando apaga la aplicaci\u00f3n.<\/p>\n\n\n\n<p>Luego que localizaron el veh\u00edculo Versa color gris, los investigadores lograron ubicar al due\u00f1o, que era una empresa de renta de veh\u00edculos para taxis de plataformas.<\/p>\n\n\n\n<p>La empresa Log\u00edstica RM mostr\u00f3 a la Fiscal\u00eda un contrato de arrendamiento que ten\u00eda con el ch\u00f3fer actual Sergio Daniel desde el 22 de junio, detalla \u201cLa Jornada\u201d.<\/p>\n\n\n\n<p>Adem\u00e1s, proporcion\u00f3 informaci\u00f3n sobre la operaci\u00f3n de un GPS que ten\u00eda el versa color gris.<\/p>\n\n\n\n<p>Los fiscales se\u00f1alaron en la audiencia que el \u00e1rea de Informaci\u00f3n y An\u00e1lisis le dio seguimiento al tema del GPS.<\/p>\n\n\n\n<p>Al ver el trayecto del d\u00eda 8 de julio, se ubica como un punto un lugar alejado de una zona habitacional en Islas Agrarias, precisamente donde se localiz\u00f3 el cad\u00e1ver de Paola el pasado jueves.<\/p>\n\n\n\n<p>ABUSO SEXUAL<\/p>\n\n\n\n<p>De acuerdo con la necropsia de ley, Paola Andrea sufri\u00f3 abuso sexual.<\/p>\n\n\n\n<p>As\u00ed lo mencion\u00f3 una de las dos fiscales que desarrollaron la audiencia en contra de Sergio Daniel \u00abN\u00bb.<\/p>\n\n\n\n<p>Mencionaron que el cuerpo de Paola que falleci\u00f3 por asfixia por estrangulamiento presentaba da\u00f1os en la regi\u00f3n anal y diversos golpes en brazos, abdomen y cuello<\/p>\n\n\n\n<p>Sergio Daniel \u00abN\u00bb, quien lleg\u00f3 a la audiencia con vestimenta color naranja escoltado por agentes de resguardo penitenciario se hizo uso de su derecho a no declarar, decisi\u00f3n que tom\u00f3 junto con su abogado defensor p\u00fablico.<\/p>\n\n\n\n<p>Los familiares de Paola no asistieron a la audiencia.<\/p>\n","protected":false},"excerpt":{"rendered":"<p>Redacci\u00f3n\/Zona Roja Cdmx. Ciudad de M\u00e9xico, a 14 de julio de 2024.- Sergio Daniel \u201cN\u201d,&hellip;<\/p>\n","protected":false},"author":2,"featured_media":70371,"comment_status":"closed","ping_status":"open","sticky":false,"template":"","format":"standard","meta":{"_lmt_disableupdate":"","_lmt_disable":"","_jetpack_memberships_contains_paid_content":false,"footnotes":""},"categories":[109,47],"tags":[3996],"class_list":["post-70370","post","type-post","status-publish","format-standard","has-post-thumbnail","hentry","category-minuto-a-minuto","category-zona-gris","tag-paola-andrea-banuelos-flores"],"jetpack_featured_media_url":"https:\/\/zonaroja.com.mx\/wp-content\/uploads\/2024\/07\/detenido-feminicidio-paola-andrea-banuelos-mexicali.jpg","jetpack_sharing_enabled":true,"_links":{"self":[{"href":"https:\/\/zonaroja.com.mx\/index.php?rest_route=\/wp\/v2\/posts\/70370","targetHints":{"allow":["GET"]}}],"collection":[{"href":"https:\/\/zonaroja.com.mx\/index.php?rest_route=\/wp\/v2\/posts"}],"about":[{"href":"https:\/\/zonaroja.com.mx\/index.php?rest_route=\/wp\/v2\/types\/post"}],"author":[{"embeddable":true,"href":"https:\/\/zonaroja.com.mx\/index.php?rest_route=\/wp\/v2\/users\/2"}],"replies":[{"embeddable":true,"href":"https:\/\/zonaroja.com.mx\/index.php?rest_route=%2Fwp%2Fv2%2Fcomments&post=70370"}],"version-history":[{"count":1,"href":"https:\/\/zonaroja.com.mx\/index.php?rest_route=\/wp\/v2\/posts\/70370\/revisions"}],"predecessor-version":[{"id":70372,"href":"https:\/\/zonaroja.com.mx\/index.php?rest_route=\/wp\/v2\/posts\/70370\/revisions\/70372"}],"wp:featuredmedia":[{"embeddable":true,"href":"https:\/\/zonaroja.com.mx\/index.php?rest_route=\/wp\/v2\/media\/70371"}],"wp:attachment":[{"href":"https:\/\/zonaroja.com.mx\/index.php?rest_route=%2Fwp%2Fv2%2Fmedia&parent=70370"}],"wp:term":[{"taxonomy":"category","embeddable":true,"href":"https:\/\/zonaroja.com.mx\/index.php?rest_route=%2Fwp%2Fv2%2Fcategories&post=70370"},{"taxonomy":"post_tag","embeddable":true,"href":"https:\/\/zonaroja.com.mx\/index.php?rest_route=%2Fwp%2Fv2%2Ftags&post=70370"}],"curies":[{"name":"wp","href":"https:\/\/api.w.org\/{rel}","templated":true}]}}