{"id":70373,"date":"2024-07-14T20:05:43","date_gmt":"2024-07-15T02:05:43","guid":{"rendered":"https:\/\/zonaroja.com.mx\/?p=70373"},"modified":"2024-07-14T20:05:45","modified_gmt":"2024-07-15T02:05:45","slug":"asesinan-a-individuo-en-municipio-de-matias-romero","status":"publish","type":"post","link":"https:\/\/zonaroja.com.mx\/?p=70373","title":{"rendered":"Asesinan a individuo en municipio de Mat\u00edas Romero"},"content":{"rendered":"\n<p>Raymundo Morales\/Zona Roja.<\/p>\n\n\n\n<p>Oaxaca de Ju\u00e1rez, Oax., a 14 de julio de 2024.- Una persona del sexo masculino fue asesinada la tarde de este domingo en Mat\u00edas Romero Avenda\u00f1o, municipio de la regi\u00f3n Istmo de Tehuantepec.<\/p>\n\n\n\n<p>El crimen se perpetr\u00f3 en el interior de un local de comida ubicado en la calle Cuauht\u00e9moc de la colonia Barrio Ju\u00e1rez, donde sujetos armados dispararon de manera directa.<\/p>\n\n\n\n<p>La v\u00edctima fue identificada como Ulises \u201cN\u201d y se desconocen a\u00fan las causas por las cuales fue ultimado a balazos en la cocteler\u00eda de mariscos \u201cEl Muelle\u201d, donde los escasos comensales se tiraron al suelo para evitar los disparos.<\/p>\n\n\n\n<p>Personal param\u00e9dico arrib\u00f3 a la zona pero confirm\u00f3 que el hombre ya no contaba con signos vitales. La Vicefiscal\u00eda Regional del Istmo, dependiente de la Fiscal\u00eda General del Estado de Oaxaca, inici\u00f3 la carpeta de investigaci\u00f3n correspondiente, con la finalidad de esclarecer el homicidio.<\/p>\n","protected":false},"excerpt":{"rendered":"<p>Raymundo Morales\/Zona Roja. Oaxaca de Ju\u00e1rez, Oax., a 14 de julio de 2024.- Una persona&hellip;<\/p>\n","protected":false},"author":2,"featured_media":70374,"comment_status":"closed","ping_status":"open","sticky":false,"template":"","format":"standard","meta":{"_lmt_disableupdate":"","_lmt_disable":"","_jetpack_memberships_contains_paid_content":false,"footnotes":""},"categories":[109,51],"tags":[228],"class_list":["post-70373","post","type-post","status-publish","format-standard","has-post-thumbnail","hentry","category-minuto-a-minuto","category-zona-roja","tag-matias-romero-avendano"],"jetpack_featured_media_url":"https:\/\/zonaroja.com.mx\/wp-content\/uploads\/2024\/07\/Asesinado-en-Matias-Romero.jpg","jetpack_sharing_enabled":true,"_links":{"self":[{"href":"https:\/\/zonaroja.com.mx\/index.php?rest_route=\/wp\/v2\/posts\/70373","targetHints":{"allow":["GET"]}}],"collection":[{"href":"https:\/\/zonaroja.com.mx\/index.php?rest_route=\/wp\/v2\/posts"}],"about":[{"href":"https:\/\/zonaroja.com.mx\/index.php?rest_route=\/wp\/v2\/types\/post"}],"author":[{"embeddable":true,"href":"https:\/\/zonaroja.com.mx\/index.php?rest_route=\/wp\/v2\/users\/2"}],"replies":[{"embeddable":true,"href":"https:\/\/zonaroja.com.mx\/index.php?rest_route=%2Fwp%2Fv2%2Fcomments&post=70373"}],"version-history":[{"count":1,"href":"https:\/\/zonaroja.com.mx\/index.php?rest_route=\/wp\/v2\/posts\/70373\/revisions"}],"predecessor-version":[{"id":70375,"href":"https:\/\/zonaroja.com.mx\/index.php?rest_route=\/wp\/v2\/posts\/70373\/revisions\/70375"}],"wp:featuredmedia":[{"embeddable":true,"href":"https:\/\/zonaroja.com.mx\/index.php?rest_route=\/wp\/v2\/media\/70374"}],"wp:attachment":[{"href":"https:\/\/zonaroja.com.mx\/index.php?rest_route=%2Fwp%2Fv2%2Fmedia&parent=70373"}],"wp:term":[{"taxonomy":"category","embeddable":true,"href":"https:\/\/zonaroja.com.mx\/index.php?rest_route=%2Fwp%2Fv2%2Fcategories&post=70373"},{"taxonomy":"post_tag","embeddable":true,"href":"https:\/\/zonaroja.com.mx\/index.php?rest_route=%2Fwp%2Fv2%2Ftags&post=70373"}],"curies":[{"name":"wp","href":"https:\/\/api.w.org\/{rel}","templated":true}]}}