{"id":70376,"date":"2024-07-14T20:19:27","date_gmt":"2024-07-15T02:19:27","guid":{"rendered":"https:\/\/zonaroja.com.mx\/?p=70376"},"modified":"2024-07-14T20:19:29","modified_gmt":"2024-07-15T02:19:29","slug":"mueren-siete-jovenes-en-veracruz-tras-caer-camioneta-a-un-rio","status":"publish","type":"post","link":"https:\/\/zonaroja.com.mx\/?p=70376","title":{"rendered":"Mueren siete j\u00f3venes en Veracruz, tras caer camioneta a un r\u00edo"},"content":{"rendered":"\n<p>Redacci\u00f3n\/Zona Roja Cdmx.<\/p>\n\n\n\n<p>Ciudad de M\u00e9xico, a 14 de julio de 2024.- Siete j\u00f3venes murieron ahogados en el r\u00edo \u201cCalzadas\u201d, en el puerto de Coatzacoalcos, Veracruz, despu\u00e9s de que su auto cayera, lo que provoc\u00f3 luto en la entidad, ya que lo que comenz\u00f3 como una fiesta por haber concluido su carrera universitaria termin\u00f3 en una tragedia.<\/p>\n\n\n\n<p>Los hechos ocurrieron la noche del s\u00e1bado 13 de julio en la colonia Elvira Ochoa, entre las calles Aguamarina y Perla, en medio de una fuerte lluvia en la ciudad, alrededor de las 20:30 horas.&nbsp;<\/p>\n\n\n\n<p>De acuerdo con Protecci\u00f3n Civil, la lluvia impidi\u00f3 la vista del conductor del veh\u00edculo en el cual viajaban los j\u00f3venes, provocando que cayeran al r\u00edo.<\/p>\n\n\n\n<p>Una llamada fue la que alert\u00f3 a Protecci\u00f3n Civil sobre el accidente, por lo que r\u00e1pidamente se trasladaron al lugar de los hechos los servicios de emergencia, sin embargo, los j\u00f3venes ya hab\u00edan fallecido.<\/p>\n\n\n\n<p>De acuerdo con los primeros reportes, los j\u00f3venes que fallecieron en el accidente son Mayra Reyes S\u00e1nchez, Mar\u00eda D\u00edaz Pelayo, Pablo L\u00f3pez Guerrero<\/p>\n\n\n\n<p>Katelyne Toledo, Julio Vizca\u00edno, Perla \u00c1lvarez Pacheco y Luz Paulina Hern\u00e1ndez.<\/p>\n\n\n\n<p>Los cuerpos de los j\u00f3venes fueron rescatados junto a su camioneta con ayuda de la Guardia Nacional, Polic\u00eda Municipal, la Secretar\u00eda de Seguridad P\u00fablica, los Bomberos de Veracruz y los habitantes de la ciudad. Con el apoyo de una gr\u00faa pudieron sacar a flote la camioneta donde se hallaban las v\u00edctimas.<\/p>\n\n\n\n<p>La Fiscal\u00eda General del Estado de Veracruz inici\u00f3 una investigaci\u00f3n para determinar la causa del accidente de los j\u00f3venes y descartar cualquier acto delictivo.<\/p>\n\n\n\n<p>Despu\u00e9s del tr\u00e1gico accidente, la gobernadora electa de Veracruz, Roc\u00edo Nahle, ofreci\u00f3 sus condolencias a las familias de las v\u00edctimas y expres\u00f3 su consternaci\u00f3n por la lamentablemente muerte de los j\u00f3venes estudiantes.<\/p>\n","protected":false},"excerpt":{"rendered":"<p>Redacci\u00f3n\/Zona Roja Cdmx. Ciudad de M\u00e9xico, a 14 de julio de 2024.- Siete j\u00f3venes murieron&hellip;<\/p>\n","protected":false},"author":2,"featured_media":70377,"comment_status":"closed","ping_status":"open","sticky":false,"template":"","format":"standard","meta":{"_lmt_disableupdate":"","_lmt_disable":"","_jetpack_memberships_contains_paid_content":false,"footnotes":""},"categories":[109,47],"tags":[99],"class_list":["post-70376","post","type-post","status-publish","format-standard","has-post-thumbnail","hentry","category-minuto-a-minuto","category-zona-gris","tag-veracruz"],"jetpack_featured_media_url":"https:\/\/zonaroja.com.mx\/wp-content\/uploads\/2024\/07\/Rio-jovenes-muertos-veracruz.jpeg","jetpack_sharing_enabled":true,"_links":{"self":[{"href":"https:\/\/zonaroja.com.mx\/index.php?rest_route=\/wp\/v2\/posts\/70376","targetHints":{"allow":["GET"]}}],"collection":[{"href":"https:\/\/zonaroja.com.mx\/index.php?rest_route=\/wp\/v2\/posts"}],"about":[{"href":"https:\/\/zonaroja.com.mx\/index.php?rest_route=\/wp\/v2\/types\/post"}],"author":[{"embeddable":true,"href":"https:\/\/zonaroja.com.mx\/index.php?rest_route=\/wp\/v2\/users\/2"}],"replies":[{"embeddable":true,"href":"https:\/\/zonaroja.com.mx\/index.php?rest_route=%2Fwp%2Fv2%2Fcomments&post=70376"}],"version-history":[{"count":1,"href":"https:\/\/zonaroja.com.mx\/index.php?rest_route=\/wp\/v2\/posts\/70376\/revisions"}],"predecessor-version":[{"id":70378,"href":"https:\/\/zonaroja.com.mx\/index.php?rest_route=\/wp\/v2\/posts\/70376\/revisions\/70378"}],"wp:featuredmedia":[{"embeddable":true,"href":"https:\/\/zonaroja.com.mx\/index.php?rest_route=\/wp\/v2\/media\/70377"}],"wp:attachment":[{"href":"https:\/\/zonaroja.com.mx\/index.php?rest_route=%2Fwp%2Fv2%2Fmedia&parent=70376"}],"wp:term":[{"taxonomy":"category","embeddable":true,"href":"https:\/\/zonaroja.com.mx\/index.php?rest_route=%2Fwp%2Fv2%2Fcategories&post=70376"},{"taxonomy":"post_tag","embeddable":true,"href":"https:\/\/zonaroja.com.mx\/index.php?rest_route=%2Fwp%2Fv2%2Ftags&post=70376"}],"curies":[{"name":"wp","href":"https:\/\/api.w.org\/{rel}","templated":true}]}}