{"id":70382,"date":"2024-07-15T08:30:00","date_gmt":"2024-07-15T14:30:00","guid":{"rendered":"https:\/\/zonaroja.com.mx\/?p=70382"},"modified":"2024-07-15T07:20:33","modified_gmt":"2024-07-15T13:20:33","slug":"realizan-en-el-istmo-foro-sobre-reforma-al-poder-judicial","status":"publish","type":"post","link":"https:\/\/zonaroja.com.mx\/?p=70382","title":{"rendered":"Realizan en el Istmo foro sobre reforma al Poder Judicial"},"content":{"rendered":"\n<p>Raymundo Morales\/Zona Roja.<\/p>\n\n\n\n<p>Oaxaca de Ju\u00e1rez, Oax., a 15 de julio de 2024.- En la regi\u00f3n del Istmo de Tehuantepec, este domingo se llev\u00f3 a cabo un foro sobre la reforma al Poder Judicial federal, al que asistieron cientos de personas.<\/p>\n\n\n\n<p>En el encuentro particip\u00f3 el senador electo por Oaxaca, Antonino Morales Toledo, quien afirm\u00f3 que esta iniciativa es una demanda del pueblo de M\u00e9xico y busca fortalecer la legitimidad de las resoluciones judiciales mediante la evaluaci\u00f3n popular de jueces y juezas.<\/p>\n\n\n\n<p>\u201cEs importante informar al pueblo zapoteco que, a trav\u00e9s del voto popular, las y los jueces ser\u00e1n evaluados por su desempe\u00f1o, fortaleciendo as\u00ed la legitimidad de sus resoluciones y fomentando la participaci\u00f3n ciudadana, dijo el senador electo.<\/p>\n\n\n\n<p>El evento cont\u00f3 con la asistencia de la diputada local Dennis Garc\u00eda, el diputado federal electo Aciel Sibaja Mendoza y el diputado federal Jorge \u00c1ngel Sibaja.<\/p>\n\n\n\n<p>La asamblea concluy\u00f3 con un \u00e1nimo positivo, con los asistentes levantando la mano en se\u00f1al de respaldo a esta importante iniciativa.<\/p>\n\n\n\n<p>Cabe mencionar que durante el fin de semana, el pol\u00edtico oaxaque\u00f1o, originario de San Blas Atempa, acompa\u00f1\u00f3 al titular del Ejecutivo estatal, Salom\u00f3n Jara Cruz, a una intensa gira de trabajo por las regiones Istmo, Costa y Mixteca.<\/p>\n\n\n\n<p>Lo anterior con la finalidad de agradecer el respaldo de las y los oaxaque\u00f1os al movimiento de transformaci\u00f3n y su continuidad, as\u00ed como para respaldar las pol\u00edticas que impulsa el mandatario estatal a favor del estado.<\/p>\n","protected":false},"excerpt":{"rendered":"<p>Raymundo Morales\/Zona Roja. Oaxaca de Ju\u00e1rez, Oax., a 15 de julio de 2024.- En la&hellip;<\/p>\n","protected":false},"author":2,"featured_media":70383,"comment_status":"closed","ping_status":"open","sticky":false,"template":"","format":"standard","meta":{"_lmt_disableupdate":"","_lmt_disable":"","_jetpack_memberships_contains_paid_content":false,"footnotes":""},"categories":[109,46],"tags":[180],"class_list":["post-70382","post","type-post","status-publish","format-standard","has-post-thumbnail","hentry","category-minuto-a-minuto","category-zona-blanca","tag-antonino-morales-toledo"],"jetpack_featured_media_url":"https:\/\/zonaroja.com.mx\/wp-content\/uploads\/2024\/07\/Antonino-Morales-foro-reforma-al-poder-judicial.jpeg","jetpack_sharing_enabled":true,"_links":{"self":[{"href":"https:\/\/zonaroja.com.mx\/index.php?rest_route=\/wp\/v2\/posts\/70382","targetHints":{"allow":["GET"]}}],"collection":[{"href":"https:\/\/zonaroja.com.mx\/index.php?rest_route=\/wp\/v2\/posts"}],"about":[{"href":"https:\/\/zonaroja.com.mx\/index.php?rest_route=\/wp\/v2\/types\/post"}],"author":[{"embeddable":true,"href":"https:\/\/zonaroja.com.mx\/index.php?rest_route=\/wp\/v2\/users\/2"}],"replies":[{"embeddable":true,"href":"https:\/\/zonaroja.com.mx\/index.php?rest_route=%2Fwp%2Fv2%2Fcomments&post=70382"}],"version-history":[{"count":1,"href":"https:\/\/zonaroja.com.mx\/index.php?rest_route=\/wp\/v2\/posts\/70382\/revisions"}],"predecessor-version":[{"id":70384,"href":"https:\/\/zonaroja.com.mx\/index.php?rest_route=\/wp\/v2\/posts\/70382\/revisions\/70384"}],"wp:featuredmedia":[{"embeddable":true,"href":"https:\/\/zonaroja.com.mx\/index.php?rest_route=\/wp\/v2\/media\/70383"}],"wp:attachment":[{"href":"https:\/\/zonaroja.com.mx\/index.php?rest_route=%2Fwp%2Fv2%2Fmedia&parent=70382"}],"wp:term":[{"taxonomy":"category","embeddable":true,"href":"https:\/\/zonaroja.com.mx\/index.php?rest_route=%2Fwp%2Fv2%2Fcategories&post=70382"},{"taxonomy":"post_tag","embeddable":true,"href":"https:\/\/zonaroja.com.mx\/index.php?rest_route=%2Fwp%2Fv2%2Ftags&post=70382"}],"curies":[{"name":"wp","href":"https:\/\/api.w.org\/{rel}","templated":true}]}}