{"id":70418,"date":"2024-07-16T07:54:48","date_gmt":"2024-07-16T13:54:48","guid":{"rendered":"https:\/\/zonaroja.com.mx\/?p=70418"},"modified":"2024-07-16T07:54:50","modified_gmt":"2024-07-16T13:54:50","slug":"resurge-el-covid-19-y-hay-preocupacion-en-mexico","status":"publish","type":"post","link":"https:\/\/zonaroja.com.mx\/?p=70418","title":{"rendered":"Resurge el Covid-19 y hay preocupaci\u00f3n en M\u00e9xico"},"content":{"rendered":"\n<p>Redacci\u00f3n\/Zona Roja Cdmx.<\/p>\n\n\n\n<p>Ciudad de M\u00e9xico, a 16 de julio de 2024.- A pesar de que la emergencia por Covid-19 termin\u00f3 hace poco m\u00e1s de un a\u00f1o en el mundo, M\u00e9xico se enfrenta a un repunte de casos, en el que la positividad de casos actualmente es mayor que en el mismo periodo del a\u00f1o pasado.<\/p>\n\n\n\n<p>La Secretar\u00eda de Salud inform\u00f3 que, a corte de la semana 27 del a\u00f1o, la curva epid\u00e9mica de positividad es mayor a la del mismo periodo pero del a\u00f1o pasado.<\/p>\n\n\n\n<p>Esto quiere decir que actualmente, a mitad de junio, hay cerca de un 28 por ciento de posibilidades de que las personas con s\u00edntomas de Covid lo padezcan, mientras que el a\u00f1o pasado, tambi\u00e9n a mitad de julio, la positividad era de cerca del 15 por ciento.<\/p>\n\n\n\n<p>Cabe aclarar que este a\u00f1o hay 44 por ciento menos casos que el a\u00f1o pasado; sin embargo, las cifras de contagios de Covid fuera de la \u00e9poca de fr\u00edo o de infecciones respiratorias est\u00e1 en un momento alto a comparaci\u00f3n de meses pasados.<\/p>\n\n\n\n<p>Con ello, es m\u00e1s probable que en esta \u00e9poca del a\u00f1o las personas con s\u00edntomas de Covid lo padezcan a comparaci\u00f3n de meses como enero o febrero, cuando las probabilidades alcanzaron el 21 por ciento.<\/p>\n\n\n\n<p>En la \u00faltima semana hubo un aumento de m\u00e1s de 400 casos de Covid a nivel nacional, el doble de la tendencia de 200 casos o menos registrados en semanas pasadas.&nbsp;<\/p>\n\n\n\n<p>OCUPACI\u00d3N HOSPITALARIA<\/p>\n\n\n\n<p>El Sistema de Informaci\u00f3n de la Red IRAG de la Universidad Nacional Aut\u00f3noma de M\u00e9xico (UNAM) y la Secretar\u00eda de Salud inform\u00f3 este lunes 15 de julio que hay 19 hospitales en todo el pa\u00eds con el 50 por ciento o m\u00e1s de ocupaci\u00f3n en sus camas para la atenci\u00f3n de enfermedades respiratorias, posiblemente por Covid e Influenza, as\u00ed como otras infecciones.<\/p>\n\n\n\n<p>En el caso de la Ciudad de M\u00e9xico, el \u00fanico hospital en el que se muestran signos de saturaci\u00f3n en el \u00e1rea de las enfermedades respiratorias es el Hospital 20 de Noviembre, ubicado en la alcald\u00eda Benito Ju\u00e1rez.<\/p>\n\n\n\n<p>Solo hay dos hospitales que se encuentran al 100 por ciento de su capacidad, uno en Guerrero y otro m\u00e1s en Hidalgo, mientras que hay uno m\u00e1s en Michoac\u00e1n que est\u00e1 el 88 por ciento.<\/p>\n\n\n\n<p>Hospital General de la Zona 3 en Tuxtepec, Oaxaca: Ocupaci\u00f3n del 50 por ciento.<\/p>\n\n\n\n<p>(Informaci\u00f3n de \u201cEl Financiero\u201d)<\/p>\n","protected":false},"excerpt":{"rendered":"<p>Redacci\u00f3n\/Zona Roja Cdmx. Ciudad de M\u00e9xico, a 16 de julio de 2024.- A pesar de&hellip;<\/p>\n","protected":false},"author":2,"featured_media":67814,"comment_status":"closed","ping_status":"open","sticky":false,"template":"","format":"standard","meta":{"_lmt_disableupdate":"","_lmt_disable":"","_jetpack_memberships_contains_paid_content":false,"footnotes":""},"categories":[109,47],"tags":[3669],"class_list":["post-70418","post","type-post","status-publish","format-standard","has-post-thumbnail","hentry","category-minuto-a-minuto","category-zona-gris","tag-covid-19"],"jetpack_featured_media_url":"https:\/\/zonaroja.com.mx\/wp-content\/uploads\/2024\/04\/Vacuna-AstraZeneca-Covid.jpeg","jetpack_sharing_enabled":true,"_links":{"self":[{"href":"https:\/\/zonaroja.com.mx\/index.php?rest_route=\/wp\/v2\/posts\/70418","targetHints":{"allow":["GET"]}}],"collection":[{"href":"https:\/\/zonaroja.com.mx\/index.php?rest_route=\/wp\/v2\/posts"}],"about":[{"href":"https:\/\/zonaroja.com.mx\/index.php?rest_route=\/wp\/v2\/types\/post"}],"author":[{"embeddable":true,"href":"https:\/\/zonaroja.com.mx\/index.php?rest_route=\/wp\/v2\/users\/2"}],"replies":[{"embeddable":true,"href":"https:\/\/zonaroja.com.mx\/index.php?rest_route=%2Fwp%2Fv2%2Fcomments&post=70418"}],"version-history":[{"count":1,"href":"https:\/\/zonaroja.com.mx\/index.php?rest_route=\/wp\/v2\/posts\/70418\/revisions"}],"predecessor-version":[{"id":70419,"href":"https:\/\/zonaroja.com.mx\/index.php?rest_route=\/wp\/v2\/posts\/70418\/revisions\/70419"}],"wp:featuredmedia":[{"embeddable":true,"href":"https:\/\/zonaroja.com.mx\/index.php?rest_route=\/wp\/v2\/media\/67814"}],"wp:attachment":[{"href":"https:\/\/zonaroja.com.mx\/index.php?rest_route=%2Fwp%2Fv2%2Fmedia&parent=70418"}],"wp:term":[{"taxonomy":"category","embeddable":true,"href":"https:\/\/zonaroja.com.mx\/index.php?rest_route=%2Fwp%2Fv2%2Fcategories&post=70418"},{"taxonomy":"post_tag","embeddable":true,"href":"https:\/\/zonaroja.com.mx\/index.php?rest_route=%2Fwp%2Fv2%2Ftags&post=70418"}],"curies":[{"name":"wp","href":"https:\/\/api.w.org\/{rel}","templated":true}]}}