{"id":70420,"date":"2024-07-16T08:01:42","date_gmt":"2024-07-16T14:01:42","guid":{"rendered":"https:\/\/zonaroja.com.mx\/?p=70420"},"modified":"2024-07-16T08:01:44","modified_gmt":"2024-07-16T14:01:44","slug":"ejecutan-a-taxista-en-san-pedro-pochutla-oaxaca","status":"publish","type":"post","link":"https:\/\/zonaroja.com.mx\/?p=70420","title":{"rendered":"Ejecutan a taxista en San Pedro Pochutla, Oaxaca"},"content":{"rendered":"\n<p>Raymundo Morales\/Zona Roja. Foto: Cortes\u00eda<\/p>\n\n\n\n<p>Oaxaca de Ju\u00e1rez, Oax., a 16 de julio de 2024.- Un taxista fue ejecutado a balazos anoche en el municipio de San Pedro Pochutla, en la regi\u00f3n Costa del estado de Oaxaca.<\/p>\n\n\n\n<p>El cuerpo fue hallado en el interior de su unidad, en la carretera federal 175, cerca del Centro de Bachillerato Tecnol\u00f3gico Agropecuario.<\/p>\n\n\n\n<p>La v\u00edctima fue identificada como \u00c9der A. C., de aproximadamente 35 a\u00f1os de edad, y conduc\u00eda la unidad de motor con n\u00famero econ\u00f3mico 04-072, de un sitio de Puerto \u00c1ngel.<\/p>\n\n\n\n<p>Hasta el momento se desconoce qui\u00e9n o qui\u00e9nes lo habr\u00edan ultimado con varios impactos de arma de fuego, as\u00ed como el m\u00f3vil del crimen.<\/p>\n\n\n\n<p>Personal de la Vicefiscal\u00eda Regional de la Costa, dependiente de la Fiscal\u00eda General del Estado de Oaxaca, inici\u00f3 las indagatorias correspondientes.<\/p>\n","protected":false},"excerpt":{"rendered":"<p>Raymundo Morales\/Zona Roja. Foto: Cortes\u00eda Oaxaca de Ju\u00e1rez, Oax., a 16 de julio de 2024.-&hellip;<\/p>\n","protected":false},"author":2,"featured_media":70421,"comment_status":"closed","ping_status":"open","sticky":false,"template":"","format":"standard","meta":{"_lmt_disableupdate":"","_lmt_disable":"","_jetpack_memberships_contains_paid_content":false,"footnotes":""},"categories":[109,51],"tags":[2754],"class_list":["post-70420","post","type-post","status-publish","format-standard","has-post-thumbnail","hentry","category-minuto-a-minuto","category-zona-roja","tag-asesinado-san-pedro-pochutla"],"jetpack_featured_media_url":"https:\/\/zonaroja.com.mx\/wp-content\/uploads\/2024\/07\/Taxista-asesinado-en-Pochutla.jpg","jetpack_sharing_enabled":true,"_links":{"self":[{"href":"https:\/\/zonaroja.com.mx\/index.php?rest_route=\/wp\/v2\/posts\/70420","targetHints":{"allow":["GET"]}}],"collection":[{"href":"https:\/\/zonaroja.com.mx\/index.php?rest_route=\/wp\/v2\/posts"}],"about":[{"href":"https:\/\/zonaroja.com.mx\/index.php?rest_route=\/wp\/v2\/types\/post"}],"author":[{"embeddable":true,"href":"https:\/\/zonaroja.com.mx\/index.php?rest_route=\/wp\/v2\/users\/2"}],"replies":[{"embeddable":true,"href":"https:\/\/zonaroja.com.mx\/index.php?rest_route=%2Fwp%2Fv2%2Fcomments&post=70420"}],"version-history":[{"count":1,"href":"https:\/\/zonaroja.com.mx\/index.php?rest_route=\/wp\/v2\/posts\/70420\/revisions"}],"predecessor-version":[{"id":70422,"href":"https:\/\/zonaroja.com.mx\/index.php?rest_route=\/wp\/v2\/posts\/70420\/revisions\/70422"}],"wp:featuredmedia":[{"embeddable":true,"href":"https:\/\/zonaroja.com.mx\/index.php?rest_route=\/wp\/v2\/media\/70421"}],"wp:attachment":[{"href":"https:\/\/zonaroja.com.mx\/index.php?rest_route=%2Fwp%2Fv2%2Fmedia&parent=70420"}],"wp:term":[{"taxonomy":"category","embeddable":true,"href":"https:\/\/zonaroja.com.mx\/index.php?rest_route=%2Fwp%2Fv2%2Fcategories&post=70420"},{"taxonomy":"post_tag","embeddable":true,"href":"https:\/\/zonaroja.com.mx\/index.php?rest_route=%2Fwp%2Fv2%2Ftags&post=70420"}],"curies":[{"name":"wp","href":"https:\/\/api.w.org\/{rel}","templated":true}]}}