{"id":70426,"date":"2024-07-16T11:30:00","date_gmt":"2024-07-16T17:30:00","guid":{"rendered":"https:\/\/zonaroja.com.mx\/?p=70426"},"modified":"2024-07-16T08:09:53","modified_gmt":"2024-07-16T14:09:53","slug":"juzgaran-a-dos-elementos-de-la-guardia-nacional-que-habrian-matado-a-una-nina","status":"publish","type":"post","link":"https:\/\/zonaroja.com.mx\/?p=70426","title":{"rendered":"Juzgar\u00e1n a dos elementos de la Guardia Nacional que habr\u00edan matado a una ni\u00f1a"},"content":{"rendered":"\n<p>Redacci\u00f3n\/Zona Roja Cdmx.<\/p>\n\n\n\n<p>Ciudad de M\u00e9xico, a 16 de julio de 2024.- Dos elementos de la Guardia Nacional (GN) se entregaron a las autoridades y quedaron bajo custodia por estar presuntamente relacionados con el asesinato a balazos de una ni\u00f1a de 9 a\u00f1os en el municipio de Villa Hidalgo, informaron autoridades de la Fiscal\u00eda General del Estado.<\/p>\n\n\n\n<p>Los oficiales se presentaron voluntariamente y ya se encuentran bajo custodia de la Fiscal\u00eda General de la Rep\u00fablica (FGR), reportaron.<\/p>\n\n\n\n<p>El deceso de la menor ocurri\u00f3 la madrugada del pasado s\u00e1bado cuando el autom\u00f3vil en el que viajaba junto con sus padres y su hermano de 15 a\u00f1os, quien result\u00f3 herido, fue tiroteado por los uniformados en una carretera federal, a la altura de la comunidad de San Lorenzo.<\/p>\n\n\n\n<p>Las indagatorias del caso fueron atra\u00eddas por la FGR, que se encargar\u00e1 de determinar c\u00f3mo ocurri\u00f3 el ataque y las responsabilidades por el deceso de la ni\u00f1a y las heridas que sufri\u00f3 su hermano. Hasta el cierre de la edici\u00f3n, la GN no se ha pronunciado al respecto.<\/p>\n\n\n\n<p>De acuerdo con medios locales, una familia se desplazaba en un veh\u00edculo por el municipio Villa Hidalgo, alrededor de las 3 de la ma\u00f1ana del s\u00e1bado, cuando fueron interceptados por miembros de la GN quienes les hicieron se\u00f1as de que se detuvieran y enseguida abrieron fuego contra la unidad.<\/p>\n\n\n\n<p>El 9 de junio fueron ultimados cuatro mujeres y dos menores en una vivienda de Le\u00f3n, Guanajuato; suceso en el que estuvieron involucrados cinco oficiales de la GN y dos civiles. Hace un mes, un juez les dict\u00f3 prisi\u00f3n preventiva a los uniformados por los delitos de desobediencia e infracci\u00f3n de deberes comunes.<\/p>\n\n\n\n<p>(Informaci\u00f3n de la agencia AP en \u201cLa Jornada\u201d)<\/p>\n","protected":false},"excerpt":{"rendered":"<p>Redacci\u00f3n\/Zona Roja Cdmx. Ciudad de M\u00e9xico, a 16 de julio de 2024.- Dos elementos de&hellip;<\/p>\n","protected":false},"author":2,"featured_media":70427,"comment_status":"closed","ping_status":"open","sticky":false,"template":"","format":"standard","meta":{"_lmt_disableupdate":"","_lmt_disable":"","_jetpack_memberships_contains_paid_content":false,"footnotes":""},"categories":[109,47],"tags":[3491],"class_list":["post-70426","post","type-post","status-publish","format-standard","has-post-thumbnail","hentry","category-minuto-a-minuto","category-zona-gris","tag-san-luis-potosi"],"jetpack_featured_media_url":"https:\/\/zonaroja.com.mx\/wp-content\/uploads\/2024\/07\/Guardia-Nacional-San-Luis.jpeg","jetpack_sharing_enabled":true,"_links":{"self":[{"href":"https:\/\/zonaroja.com.mx\/index.php?rest_route=\/wp\/v2\/posts\/70426","targetHints":{"allow":["GET"]}}],"collection":[{"href":"https:\/\/zonaroja.com.mx\/index.php?rest_route=\/wp\/v2\/posts"}],"about":[{"href":"https:\/\/zonaroja.com.mx\/index.php?rest_route=\/wp\/v2\/types\/post"}],"author":[{"embeddable":true,"href":"https:\/\/zonaroja.com.mx\/index.php?rest_route=\/wp\/v2\/users\/2"}],"replies":[{"embeddable":true,"href":"https:\/\/zonaroja.com.mx\/index.php?rest_route=%2Fwp%2Fv2%2Fcomments&post=70426"}],"version-history":[{"count":1,"href":"https:\/\/zonaroja.com.mx\/index.php?rest_route=\/wp\/v2\/posts\/70426\/revisions"}],"predecessor-version":[{"id":70428,"href":"https:\/\/zonaroja.com.mx\/index.php?rest_route=\/wp\/v2\/posts\/70426\/revisions\/70428"}],"wp:featuredmedia":[{"embeddable":true,"href":"https:\/\/zonaroja.com.mx\/index.php?rest_route=\/wp\/v2\/media\/70427"}],"wp:attachment":[{"href":"https:\/\/zonaroja.com.mx\/index.php?rest_route=%2Fwp%2Fv2%2Fmedia&parent=70426"}],"wp:term":[{"taxonomy":"category","embeddable":true,"href":"https:\/\/zonaroja.com.mx\/index.php?rest_route=%2Fwp%2Fv2%2Fcategories&post=70426"},{"taxonomy":"post_tag","embeddable":true,"href":"https:\/\/zonaroja.com.mx\/index.php?rest_route=%2Fwp%2Fv2%2Ftags&post=70426"}],"curies":[{"name":"wp","href":"https:\/\/api.w.org\/{rel}","templated":true}]}}