{"id":7043,"date":"2019-12-27T18:59:53","date_gmt":"2019-12-28T00:59:53","guid":{"rendered":"http:\/\/www.zonaroja.com.mx\/?p=7043"},"modified":"2019-12-27T19:04:50","modified_gmt":"2019-12-28T01:04:50","slug":"por-bloqueos-e-indolencia-de-gobiernos-cierra-aurrera-juchitan","status":"publish","type":"post","link":"https:\/\/zonaroja.com.mx\/?p=7043","title":{"rendered":"Por bloqueos e indolencia de gobiernos, cierra Aurrer\u00e1 Juchit\u00e1n"},"content":{"rendered":"\n<p>Redacci\u00f3n\/Zona Roja.<\/p>\n\n\n\n<p>Oaxaca de Ju\u00e1rez, Oax., 27 de diciembre\nde 2019.- Ante la pasividad de las autoridades estatales y municipales, la\ncompa\u00f1\u00eda internacional Walmart decidi\u00f3 cerrar temporalmente su tienda Bodega\nAurrer\u00e1 en Juchit\u00e1n de Zaragoza, por un bloqueo que cumpli\u00f3 cinco d\u00edas.<\/p>\n\n\n\n<p>Desde el pasado lunes, por el presunto despido\nde un trabajador identificado como Jos\u00e9 Manuel Solano M\u00e9ndez, integrantes de la\norganizaci\u00f3n \u201cDespierta Juchit\u00e1n\u201d determin\u00f3 cerrar las puertas de ese centro\ncomercial, ubicada a un costado de la carretera Trans\u00edstimica, Primera Secci\u00f3n.<\/p>\n\n\n\n<p>El ex empleado reclama una\nindemnizaci\u00f3n pero a base de presiones y con el acompa\u00f1amiento de integrantes\nde dicha agrupaci\u00f3n. <\/p>\n\n\n\n<p>Ni el Gobierno del Estado ni el\nayuntamiento de Juchit\u00e1n, que preside el edil Emilio Montero P\u00e9rez, se han\npronunciado al respecto o han efectuado acciones a fin de impedir el cierre de\nla empresa.<\/p>\n\n\n\n<p>\u201cHemos estado en contacto permanente\ncon las autoridades para resolver la situaci\u00f3n del bloqueo que desde hace unos\nd\u00edas tenemos en la Bodega Aurrera en Juchit\u00e1n, Oaxaca. <\/p>\n\n\n\n<p>\u201cLamentamos que esta tienda no est\u00e9\noperando y la afectaci\u00f3n que esto genera para nuestros clientes, pero no\ncederemos a reclamos que se encuentran fuera de la ley por parte de\norganizaciones pol\u00edticas como \u2018Despierta Juchit\u00e1n\u2019\u201d.<\/p>\n\n\n\n<p>\u201cEs una pena que por el momento la\nempresa no pueda continuar dando el servicio que los habitantes de Juchit\u00e1n\nnecesitan, pero tenemos que salvaguardar la seguridad de asociados y clientes\nde Bodega Aurrera y no contamos con las condiciones ni garant\u00edas necesarias\npara abrir la misma\u201d, difundi\u00f3 Gabriela Buenrostro, vocera de Walmart de M\u00e9xico\ny Centroam\u00e9rica, en un comunicado.<\/p>\n","protected":false},"excerpt":{"rendered":"<p>Redacci\u00f3n\/Zona Roja. Oaxaca de Ju\u00e1rez, Oax., 27 de diciembre de 2019.- Ante la pasividad de&hellip;<\/p>\n","protected":false},"author":2,"featured_media":7044,"comment_status":"closed","ping_status":"open","sticky":false,"template":"","format":"standard","meta":{"_lmt_disableupdate":"","_lmt_disable":"","_jetpack_memberships_contains_paid_content":false,"footnotes":""},"categories":[109,47],"tags":[1187,1188],"class_list":["post-7043","post","type-post","status-publish","format-standard","has-post-thumbnail","hentry","category-minuto-a-minuto","category-zona-gris","tag-bodega-aurrera-juchitan","tag-walmart-mexico"],"jetpack_featured_media_url":"https:\/\/zonaroja.com.mx\/wp-content\/uploads\/2019\/12\/Aurrer\u00e1-Juchit\u00e1n.jpg","jetpack_sharing_enabled":true,"_links":{"self":[{"href":"https:\/\/zonaroja.com.mx\/index.php?rest_route=\/wp\/v2\/posts\/7043","targetHints":{"allow":["GET"]}}],"collection":[{"href":"https:\/\/zonaroja.com.mx\/index.php?rest_route=\/wp\/v2\/posts"}],"about":[{"href":"https:\/\/zonaroja.com.mx\/index.php?rest_route=\/wp\/v2\/types\/post"}],"author":[{"embeddable":true,"href":"https:\/\/zonaroja.com.mx\/index.php?rest_route=\/wp\/v2\/users\/2"}],"replies":[{"embeddable":true,"href":"https:\/\/zonaroja.com.mx\/index.php?rest_route=%2Fwp%2Fv2%2Fcomments&post=7043"}],"version-history":[{"count":1,"href":"https:\/\/zonaroja.com.mx\/index.php?rest_route=\/wp\/v2\/posts\/7043\/revisions"}],"predecessor-version":[{"id":7045,"href":"https:\/\/zonaroja.com.mx\/index.php?rest_route=\/wp\/v2\/posts\/7043\/revisions\/7045"}],"wp:featuredmedia":[{"embeddable":true,"href":"https:\/\/zonaroja.com.mx\/index.php?rest_route=\/wp\/v2\/media\/7044"}],"wp:attachment":[{"href":"https:\/\/zonaroja.com.mx\/index.php?rest_route=%2Fwp%2Fv2%2Fmedia&parent=7043"}],"wp:term":[{"taxonomy":"category","embeddable":true,"href":"https:\/\/zonaroja.com.mx\/index.php?rest_route=%2Fwp%2Fv2%2Fcategories&post=7043"},{"taxonomy":"post_tag","embeddable":true,"href":"https:\/\/zonaroja.com.mx\/index.php?rest_route=%2Fwp%2Fv2%2Ftags&post=7043"}],"curies":[{"name":"wp","href":"https:\/\/api.w.org\/{rel}","templated":true}]}}