{"id":70431,"date":"2024-07-16T15:19:52","date_gmt":"2024-07-16T21:19:52","guid":{"rendered":"https:\/\/zonaroja.com.mx\/?p=70431"},"modified":"2024-07-16T15:19:54","modified_gmt":"2024-07-16T21:19:54","slug":"istmo-violento-asesinan-a-dos-individuos-en-matias-romero","status":"publish","type":"post","link":"https:\/\/zonaroja.com.mx\/?p=70431","title":{"rendered":"Istmo violento: asesinan a dos individuos en Mat\u00edas Romero"},"content":{"rendered":"\n<p>Raymundo Morales\/Zona Roja.<\/p>\n\n\n\n<p>Oaxaca de Ju\u00e1rez, Oax., a 16 de julio de 2024.- En menos de 48 horas, cuatro personas fueron asesinadas a balazos en Mat\u00edas Romero Avenda\u00f1o, municipio de la regi\u00f3n del Istmo.<\/p>\n\n\n\n<p>Dos cr\u00edmenes se perpetraron este ma\u00f1ana en la colonia L\u00e1zaro C\u00e1rdenas, donde adem\u00e1s hubo dos personas lesionadas; las cuatro v\u00edctimas a\u00fan no han sido identificadas.<\/p>\n\n\n\n<p>Presuntos integrantes del crimen organizado arribaron a un domicilio y dispararon de manera directa en contra de las cuatro personas del sexo masculino que se hallaban en el patio.<\/p>\n\n\n\n<p>A falta de polic\u00edas municipales en la zona, los delincuentes lograron escapar, por lo cual no hay pistas acerca de su identidad.<\/p>\n\n\n\n<p>Param\u00e9dicos arribaron al sitio para trasladar a los lesionados a un hospital, mientras que personal de la Vicefiscal\u00eda Regional del Istmo inici\u00f3 con las indagatorias correspondientes.<\/p>\n\n\n\n<p>En tanto, la Vicefiscal\u00eda investiga tambi\u00e9n otra ejecuci\u00f3n registrada anoche en la colonia La Oaxaque\u00f1a, donde dieron muerte a un individuo con al menos 11 balazos, adem\u00e1s de dejarle un presunto \u201cnarcomensaje\u201d.<\/p>\n\n\n\n<p>Mientras que la tarde del domingo, otro individuo fue ultimado con disparos de arma de fuego, en una marisquer\u00eda del Barrio Ju\u00e1rez y la v\u00edctima fue identificada como Ulises M. D.<\/p>\n\n\n\n<p>En todos los casos los polic\u00edas municipales no han reportado detenci\u00f3n alguna de probables responsables de los hechos.<\/p>\n","protected":false},"excerpt":{"rendered":"<p>Raymundo Morales\/Zona Roja. Oaxaca de Ju\u00e1rez, Oax., a 16 de julio de 2024.- En menos&hellip;<\/p>\n","protected":false},"author":2,"featured_media":70432,"comment_status":"closed","ping_status":"open","sticky":false,"template":"","format":"standard","meta":{"_lmt_disableupdate":"","_lmt_disable":"","_jetpack_memberships_contains_paid_content":false,"footnotes":""},"categories":[109,51],"tags":[228],"class_list":["post-70431","post","type-post","status-publish","format-standard","has-post-thumbnail","hentry","category-minuto-a-minuto","category-zona-roja","tag-matias-romero-avendano"],"jetpack_featured_media_url":"https:\/\/zonaroja.com.mx\/wp-content\/uploads\/2024\/07\/Ejecutado-Matias-Romero.jpeg","jetpack_sharing_enabled":true,"_links":{"self":[{"href":"https:\/\/zonaroja.com.mx\/index.php?rest_route=\/wp\/v2\/posts\/70431","targetHints":{"allow":["GET"]}}],"collection":[{"href":"https:\/\/zonaroja.com.mx\/index.php?rest_route=\/wp\/v2\/posts"}],"about":[{"href":"https:\/\/zonaroja.com.mx\/index.php?rest_route=\/wp\/v2\/types\/post"}],"author":[{"embeddable":true,"href":"https:\/\/zonaroja.com.mx\/index.php?rest_route=\/wp\/v2\/users\/2"}],"replies":[{"embeddable":true,"href":"https:\/\/zonaroja.com.mx\/index.php?rest_route=%2Fwp%2Fv2%2Fcomments&post=70431"}],"version-history":[{"count":1,"href":"https:\/\/zonaroja.com.mx\/index.php?rest_route=\/wp\/v2\/posts\/70431\/revisions"}],"predecessor-version":[{"id":70433,"href":"https:\/\/zonaroja.com.mx\/index.php?rest_route=\/wp\/v2\/posts\/70431\/revisions\/70433"}],"wp:featuredmedia":[{"embeddable":true,"href":"https:\/\/zonaroja.com.mx\/index.php?rest_route=\/wp\/v2\/media\/70432"}],"wp:attachment":[{"href":"https:\/\/zonaroja.com.mx\/index.php?rest_route=%2Fwp%2Fv2%2Fmedia&parent=70431"}],"wp:term":[{"taxonomy":"category","embeddable":true,"href":"https:\/\/zonaroja.com.mx\/index.php?rest_route=%2Fwp%2Fv2%2Fcategories&post=70431"},{"taxonomy":"post_tag","embeddable":true,"href":"https:\/\/zonaroja.com.mx\/index.php?rest_route=%2Fwp%2Fv2%2Ftags&post=70431"}],"curies":[{"name":"wp","href":"https:\/\/api.w.org\/{rel}","templated":true}]}}