{"id":70434,"date":"2024-07-16T16:27:00","date_gmt":"2024-07-16T22:27:00","guid":{"rendered":"https:\/\/zonaroja.com.mx\/?p=70434"},"modified":"2024-07-16T15:53:20","modified_gmt":"2024-07-16T21:53:20","slug":"preven-crear-ley-para-la-declaracion-especial-de-ausencia-por-desaparicion-de-personas","status":"publish","type":"post","link":"https:\/\/zonaroja.com.mx\/?p=70434","title":{"rendered":"Prev\u00e9n crear Ley para la Declaraci\u00f3n Especial de Ausencia por Desaparici\u00f3n de Personas"},"content":{"rendered":"\n<p>Redacci\u00f3n\/Zona Roja.<\/p>\n\n\n\n<p>Oaxaca de Ju\u00e1rez, Oax., a 16 de julio de 2024.- El pleno de la 65 Legislatura local recibi\u00f3 una iniciativa enviada por el titular del Poder Ejecutivo, Salom\u00f3n Jara Cruz, mediante la cual propone crear la Ley para la Declaraci\u00f3n Especial de Ausencia por Desaparici\u00f3n de Personas del Estado de Oaxaca.<\/p>\n\n\n\n<p>Este proyecto de ley tiene por objeto reconocer, proteger y garantizar la continuidad de la personalidad jur\u00eddica, as\u00ed como los derechos de las personas desaparecidas en el territorio de Oaxaca, adem\u00e1s de brindar certeza jur\u00eddica y medidas apropiadas para la protecci\u00f3n m\u00e1s amplia de sus familiares.<\/p>\n\n\n\n<p>Adem\u00e1s, plantea el procedimiento estatal para la emisi\u00f3n de la Declaraci\u00f3n Especial de Ausencia por Desaparici\u00f3n, y se\u00f1alar los efectos hacia la persona desaparecida, familiares o personas legitimadas por la ley, una vez que es emitida por el Juzgado de Primera Instancia Competente.<\/p>\n\n\n\n<p>Con la Declaraci\u00f3n Especial de Ausencia, se presume que la persona desaparecida est\u00e1 con vida, por lo que se ordena que el Estado contin\u00fae con su b\u00fasqueda y localizaci\u00f3n, as\u00ed como con la investigaci\u00f3n correspondiente.<\/p>\n\n\n\n<p>\u201cCon la iniciativa se podr\u00e1 cumplir el r\u00e9gimen transitorio de la Ley General en Materia de Desaparici\u00f3n Forzada de Personas, Desaparici\u00f3n Cometida por Particulares y del Sistema Nacional de B\u00fasqueda, asegurando la protecci\u00f3n m\u00e1s amplia de familiares o cualquier otra persona que tenga relaci\u00f3n inmediata con la persona desaparecida, al establecer un mecanismo jur\u00eddico de reconocimiento, protecci\u00f3n y garant\u00eda de los derechos y obligaciones de las personas desaparecidas en Oaxaca\u201d, refiere la propuesta.<\/p>\n\n\n\n<p>La iniciativa fue turnada para su estudio y dictaminaci\u00f3n a la Comisi\u00f3n Permanente de Administraci\u00f3n y Procuraci\u00f3n de Justicia.<\/p>\n","protected":false},"excerpt":{"rendered":"<p>Redacci\u00f3n\/Zona Roja. Oaxaca de Ju\u00e1rez, Oax., a 16 de julio de 2024.- El pleno de&hellip;<\/p>\n","protected":false},"author":2,"featured_media":64833,"comment_status":"closed","ping_status":"open","sticky":false,"template":"","format":"standard","meta":{"_lmt_disableupdate":"","_lmt_disable":"","_jetpack_memberships_contains_paid_content":false,"footnotes":""},"categories":[109,46],"tags":[2743],"class_list":["post-70434","post","type-post","status-publish","format-standard","has-post-thumbnail","hentry","category-minuto-a-minuto","category-zona-blanca","tag-65-legislatura-del-estado-de-oaxaca"],"jetpack_featured_media_url":"https:\/\/zonaroja.com.mx\/wp-content\/uploads\/2024\/02\/Congreso-Oaxaca-diputados.jpg","jetpack_sharing_enabled":true,"_links":{"self":[{"href":"https:\/\/zonaroja.com.mx\/index.php?rest_route=\/wp\/v2\/posts\/70434","targetHints":{"allow":["GET"]}}],"collection":[{"href":"https:\/\/zonaroja.com.mx\/index.php?rest_route=\/wp\/v2\/posts"}],"about":[{"href":"https:\/\/zonaroja.com.mx\/index.php?rest_route=\/wp\/v2\/types\/post"}],"author":[{"embeddable":true,"href":"https:\/\/zonaroja.com.mx\/index.php?rest_route=\/wp\/v2\/users\/2"}],"replies":[{"embeddable":true,"href":"https:\/\/zonaroja.com.mx\/index.php?rest_route=%2Fwp%2Fv2%2Fcomments&post=70434"}],"version-history":[{"count":1,"href":"https:\/\/zonaroja.com.mx\/index.php?rest_route=\/wp\/v2\/posts\/70434\/revisions"}],"predecessor-version":[{"id":70435,"href":"https:\/\/zonaroja.com.mx\/index.php?rest_route=\/wp\/v2\/posts\/70434\/revisions\/70435"}],"wp:featuredmedia":[{"embeddable":true,"href":"https:\/\/zonaroja.com.mx\/index.php?rest_route=\/wp\/v2\/media\/64833"}],"wp:attachment":[{"href":"https:\/\/zonaroja.com.mx\/index.php?rest_route=%2Fwp%2Fv2%2Fmedia&parent=70434"}],"wp:term":[{"taxonomy":"category","embeddable":true,"href":"https:\/\/zonaroja.com.mx\/index.php?rest_route=%2Fwp%2Fv2%2Fcategories&post=70434"},{"taxonomy":"post_tag","embeddable":true,"href":"https:\/\/zonaroja.com.mx\/index.php?rest_route=%2Fwp%2Fv2%2Ftags&post=70434"}],"curies":[{"name":"wp","href":"https:\/\/api.w.org\/{rel}","templated":true}]}}