{"id":70438,"date":"2024-07-17T11:55:00","date_gmt":"2024-07-17T17:55:00","guid":{"rendered":"https:\/\/zonaroja.com.mx\/?p=70438"},"modified":"2024-07-17T07:10:41","modified_gmt":"2024-07-17T13:10:41","slug":"ya-conoce-la-faceta-de-disenador-del-artista-plastico-francisco-toledo","status":"publish","type":"post","link":"https:\/\/zonaroja.com.mx\/?p=70438","title":{"rendered":"\u00bfYa conoce la faceta de dise\u00f1ador del artista pl\u00e1stico Francisco Toledo?"},"content":{"rendered":"\n<p>Redacci\u00f3n\/Zona Roja.<\/p>\n\n\n\n<p>Oaxaca de Ju\u00e1rez, Oax., a 16 de julio de 2024.- Tras presentarse en museos de M\u00e9xico y en Espa\u00f1a, la exposici\u00f3n&nbsp;\u201cToledo ve\u201d&nbsp;regresa a Oaxaca y se presenta desde el 13 de julio en el Centro de las Artes de San Agust\u00edn (CaSa). En 2018 el artista present\u00f3 una versi\u00f3n reducida de esta exposici\u00f3n en el Instituto de Artes Gr\u00e1ficas de Oaxaca (IAGO).<\/p>\n\n\n\n<p>\u201cCuando el maestro Toledo hizo la exposici\u00f3n en el IAGO era porque quer\u00eda hacer una revisi\u00f3n de su trabajo en dise\u00f1o, compartir un poco el proceso de algunas piezas y el trabajo colaborativo, tanto con dise\u00f1adores como con talleres artesanales. Ahora la muestra regresa al CaSa donde \u00e9l, junto con Hazam Jara, produjo muchas de las piezas\u201d, record\u00f3 Sara L\u00f3pez Ellitsgaard, presidenta de las asociaciones Amigos del IAGO y del CFMAB A.C. y Francisco Toledo A.C.<\/p>\n\n\n\n<p>Daniel Brena, director del CaSa, mencion\u00f3 que \u201cToledo no s\u00f3lo fue un gran artista, sino que tambi\u00e9n sab\u00eda c\u00f3mo unir talentos diversos para crear algo extraordinario. Su habilidad para integrar diferentes t\u00e9cnicas y perspectivas no solo enriquec\u00eda su obra, sino que tambi\u00e9n elevaba a aquellos con quienes colaboraba. Cada pieza en esta exposici\u00f3n refleja su capacidad para convertir lo cotidiano en algo excepcional\u201d.<\/p>\n\n\n\n<p>Agreg\u00f3 que en \u201cToledo Ve\u201d, se han limitado las c\u00e9dulas. \u201cLa intenci\u00f3n del artista fue presentar, de manera mezclada, sus piezas junto a algunos objetos que lo hab\u00edan inspirado. Buscaba que los visitantes encontrar\u00e1n las relaciones y les sirviera para observar al mundo de una manera distinta. Quer\u00eda mostrar no s\u00f3lo lo que hab\u00eda creado sino tambi\u00e9n ense\u00f1ar c\u00f3mo \u2018Toledo ve\u2019\u201d.<\/p>\n\n\n\n<p>Sobre su trabajo en dise\u00f1o, en 2018, Toledo platic\u00f3 que cuando lleg\u00f3 a Oaxaca para estudiar la secundaria, vio herrer\u00edas, mosaicos, esculturas agregadas a la arquitectura.&nbsp;<\/p>\n\n\n\n<p>\u201cHab\u00eda toda una riqueza de dise\u00f1o. La ciudad me deslumbr\u00f3. En el Istmo, solo hab\u00eda rejas de madera, no hab\u00eda herrer\u00eda. Y en Oaxaca, encontr\u00e9 una ciudad que proteg\u00eda sus edificios, ventanas, puertas, \u2014todo\u2014 con rejas de metal. En esos a\u00f1os, hab\u00eda m\u00e1s oportunidad de ver el dise\u00f1o que hab\u00eda dentro de las casas porque las personas dejaban los accesos abiertos y los vendedores se asomaban hasta las rejas para vender leche o pan\u201d.<\/p>\n\n\n\n<p>El artista cont\u00f3 que era \u201cconsciente del dise\u00f1o de la ciudad porque dibujaba ciertos detalles que me llamaban la atenci\u00f3n: unas l\u00e1mparas de cemento, por ejemplo. No eran gran cosa pero nunca hab\u00eda visto una l\u00e1mpara que tuviera un dibujo\u201d.<\/p>\n\n\n\n<p>A\u00f1os despu\u00e9s, Toledo viaj\u00f3 a la Ciudad de M\u00e9xico, se form\u00f3 en los talleres de La Ciudadela (que posteriormente se convirti\u00f3 en la Escuela de Dise\u00f1o y Artesan\u00eda).&nbsp;<\/p>\n\n\n\n<p>\u201cAll\u00ed los estudiantes pod\u00edan experimentar con distintas t\u00e9cnicas. Yo solo estudi\u00e9 litograf\u00eda pero tambi\u00e9n ense\u00f1aban textil, cer\u00e1mica, escultura, mosaicos venecianos, vidrio. Adem\u00e1s, preparaban a los alumnos para integrar el arte con la arquitectura. Y eso me dio la idea de que los artistas deb\u00edan hacer cosas para que la gente pudiera tener, lo mismo un cuadro que un piso, un vitral, o un barandal. A partir de ese pensamiento, d\u00e9cadas despu\u00e9s, trabaj\u00e9 dise\u00f1o utilitario y decorativo en el taller de papel (ahora Arte Papel Vista Hermosa) y m\u00e1s adelante en el CaSa\u201d.<\/p>\n\n\n\n<p>La muestra&nbsp;Toledo ve,&nbsp;se presenta en la galer\u00eda planta baja del CaSa, adem\u00e1s en el IAGO se podr\u00e1n observar los dibujos preparatorios del artista, estos se muestran por primera vez y pertenecen a la colecci\u00f3n de Amigos del IAGO y del CFMAB A.C.<\/p>\n\n\n\n<p>Por \u00faltimo, L\u00f3pez Ellitsgaard dijo que este mes de julio se programaron, en los espacios que el maestro fund\u00f3, una serie de exposiciones con obras de Toledo. \u201cMostrando su obra, recordamos al maestro, justo en el mes en que naci\u00f3, adem\u00e1s de que acercamos a las nuevas generaciones a su arte y a los espacios que fund\u00f3\u201d.<\/p>\n","protected":false},"excerpt":{"rendered":"<p>Redacci\u00f3n\/Zona Roja. Oaxaca de Ju\u00e1rez, Oax., a 16 de julio de 2024.- Tras presentarse en&hellip;<\/p>\n","protected":false},"author":2,"featured_media":70439,"comment_status":"closed","ping_status":"open","sticky":false,"template":"","format":"standard","meta":{"_lmt_disableupdate":"","_lmt_disable":"","_jetpack_memberships_contains_paid_content":false,"footnotes":""},"categories":[109,46],"tags":[677],"class_list":["post-70438","post","type-post","status-publish","format-standard","has-post-thumbnail","hentry","category-minuto-a-minuto","category-zona-blanca","tag-francisco-toledo"],"jetpack_featured_media_url":"https:\/\/zonaroja.com.mx\/wp-content\/uploads\/2024\/07\/ToledoVe_05.jpg","jetpack_sharing_enabled":true,"_links":{"self":[{"href":"https:\/\/zonaroja.com.mx\/index.php?rest_route=\/wp\/v2\/posts\/70438","targetHints":{"allow":["GET"]}}],"collection":[{"href":"https:\/\/zonaroja.com.mx\/index.php?rest_route=\/wp\/v2\/posts"}],"about":[{"href":"https:\/\/zonaroja.com.mx\/index.php?rest_route=\/wp\/v2\/types\/post"}],"author":[{"embeddable":true,"href":"https:\/\/zonaroja.com.mx\/index.php?rest_route=\/wp\/v2\/users\/2"}],"replies":[{"embeddable":true,"href":"https:\/\/zonaroja.com.mx\/index.php?rest_route=%2Fwp%2Fv2%2Fcomments&post=70438"}],"version-history":[{"count":1,"href":"https:\/\/zonaroja.com.mx\/index.php?rest_route=\/wp\/v2\/posts\/70438\/revisions"}],"predecessor-version":[{"id":70440,"href":"https:\/\/zonaroja.com.mx\/index.php?rest_route=\/wp\/v2\/posts\/70438\/revisions\/70440"}],"wp:featuredmedia":[{"embeddable":true,"href":"https:\/\/zonaroja.com.mx\/index.php?rest_route=\/wp\/v2\/media\/70439"}],"wp:attachment":[{"href":"https:\/\/zonaroja.com.mx\/index.php?rest_route=%2Fwp%2Fv2%2Fmedia&parent=70438"}],"wp:term":[{"taxonomy":"category","embeddable":true,"href":"https:\/\/zonaroja.com.mx\/index.php?rest_route=%2Fwp%2Fv2%2Fcategories&post=70438"},{"taxonomy":"post_tag","embeddable":true,"href":"https:\/\/zonaroja.com.mx\/index.php?rest_route=%2Fwp%2Fv2%2Ftags&post=70438"}],"curies":[{"name":"wp","href":"https:\/\/api.w.org\/{rel}","templated":true}]}}