{"id":70447,"date":"2024-07-17T07:24:35","date_gmt":"2024-07-17T13:24:35","guid":{"rendered":"https:\/\/zonaroja.com.mx\/?p=70447"},"modified":"2024-07-17T07:24:37","modified_gmt":"2024-07-17T13:24:37","slug":"asesinan-a-un-individuo-en-la-zona-triqui-de-oaxaca","status":"publish","type":"post","link":"https:\/\/zonaroja.com.mx\/?p=70447","title":{"rendered":"Asesinan a un individuo en la zona Triqui de Oaxaca"},"content":{"rendered":"\n<p>Raymundo Morales\/Zona Roja.<\/p>\n\n\n\n<p>Oaxaca de Ju\u00e1rez, Oax., a 17 de julio de 2024.- Una persona del sexo masculino fue asesinada a balazos ayer en la zona Triqui de Oaxaca.<\/p>\n\n\n\n<p>Ocurri\u00f3 en jurisdicci\u00f3n del municipio de Santiago Juxtlahuaca, regi\u00f3n Mixteca, donde se perpetr\u00f3 el crimen en contra de un individuo.<\/p>\n\n\n\n<p>Fue en el acceso a la localidad de Yerba Santa donde se hall\u00f3 la tarde de ayer un veh\u00edculo marca Nissan, tipo Tsuru, con placas de circulaci\u00f3n F97-BML, de la ciudad de M\u00e9xico, en cuyo interior se hallaba un cuerpo sin vida.<\/p>\n\n\n\n<p>Tras el arribo de las autoridades ministeriales, la v\u00edctima fue identificada como V\u00edctor G. M., de aproximadamente 43 a\u00f1os de edad, originario de dicha comunidad.<\/p>\n\n\n\n<p>Hasta el momento se desconocen las causas del asesinato y los familiares impidieron las labores del personal de la Agencia Estatal de Investigaciones, al levantar el cuerpo y retirarlo.<\/p>\n\n\n\n<p>Pese a esas complicaciones iniciales, la Vicefiscal\u00eda Regional de la Mixteca, dependiente de la Fiscal\u00eda General del Estado de Oaxaca, abri\u00f3 las indagatorias correspondientes.&nbsp;<\/p>\n","protected":false},"excerpt":{"rendered":"<p>Raymundo Morales\/Zona Roja. Oaxaca de Ju\u00e1rez, Oax., a 17 de julio de 2024.- Una persona&hellip;<\/p>\n","protected":false},"author":2,"featured_media":69717,"comment_status":"closed","ping_status":"open","sticky":false,"template":"","format":"standard","meta":{"_lmt_disableupdate":"","_lmt_disable":"","_jetpack_memberships_contains_paid_content":false,"footnotes":""},"categories":[109,51],"tags":[826],"class_list":["post-70447","post","type-post","status-publish","format-standard","has-post-thumbnail","hentry","category-minuto-a-minuto","category-zona-roja","tag-santiago-juxtlahuaca"],"jetpack_featured_media_url":"https:\/\/zonaroja.com.mx\/wp-content\/uploads\/2024\/06\/Escena-del-crimen-asesinato.jpeg","jetpack_sharing_enabled":true,"_links":{"self":[{"href":"https:\/\/zonaroja.com.mx\/index.php?rest_route=\/wp\/v2\/posts\/70447","targetHints":{"allow":["GET"]}}],"collection":[{"href":"https:\/\/zonaroja.com.mx\/index.php?rest_route=\/wp\/v2\/posts"}],"about":[{"href":"https:\/\/zonaroja.com.mx\/index.php?rest_route=\/wp\/v2\/types\/post"}],"author":[{"embeddable":true,"href":"https:\/\/zonaroja.com.mx\/index.php?rest_route=\/wp\/v2\/users\/2"}],"replies":[{"embeddable":true,"href":"https:\/\/zonaroja.com.mx\/index.php?rest_route=%2Fwp%2Fv2%2Fcomments&post=70447"}],"version-history":[{"count":1,"href":"https:\/\/zonaroja.com.mx\/index.php?rest_route=\/wp\/v2\/posts\/70447\/revisions"}],"predecessor-version":[{"id":70448,"href":"https:\/\/zonaroja.com.mx\/index.php?rest_route=\/wp\/v2\/posts\/70447\/revisions\/70448"}],"wp:featuredmedia":[{"embeddable":true,"href":"https:\/\/zonaroja.com.mx\/index.php?rest_route=\/wp\/v2\/media\/69717"}],"wp:attachment":[{"href":"https:\/\/zonaroja.com.mx\/index.php?rest_route=%2Fwp%2Fv2%2Fmedia&parent=70447"}],"wp:term":[{"taxonomy":"category","embeddable":true,"href":"https:\/\/zonaroja.com.mx\/index.php?rest_route=%2Fwp%2Fv2%2Fcategories&post=70447"},{"taxonomy":"post_tag","embeddable":true,"href":"https:\/\/zonaroja.com.mx\/index.php?rest_route=%2Fwp%2Fv2%2Ftags&post=70447"}],"curies":[{"name":"wp","href":"https:\/\/api.w.org\/{rel}","templated":true}]}}