{"id":70452,"date":"2024-07-17T13:45:00","date_gmt":"2024-07-17T19:45:00","guid":{"rendered":"https:\/\/zonaroja.com.mx\/?p=70452"},"modified":"2024-07-17T07:53:26","modified_gmt":"2024-07-17T13:53:26","slug":"maria-del-carmen-integrante-de-la-guardia-nacional-asesinada-dejada-en-el-olvido","status":"publish","type":"post","link":"https:\/\/zonaroja.com.mx\/?p=70452","title":{"rendered":"Mar\u00eda del Carmen, integrante de la Guardia Nacional asesinada,\u00a0dejada en el olvido."},"content":{"rendered":"\n<p>\u201cSo\u00f1\u00f3 que todo hab\u00eda sido un sue\u00f1o, un sue\u00f1o maravilloso, pero nada m\u00e1s que eso\u201d.&nbsp;Celia del Palacio.<\/p>\n\n\n\n<p>Ver\u00f3nica Villalvazo (Frida Guerrera)*<\/p>\n\n\n\n<p>Mar\u00eda del Carmen G\u00f3mez Urbina, era una joven mujer que, como todas, buscaba encontrar la forma de salir adelante, con sus dos peque\u00f1os hijos. Naci\u00f3 el 26 de noviembre de 1996, en Coyotepec, Estado de M\u00e9xico, hija mayor de Araceli y hermana de dos hombres.<\/p>\n\n\n\n<p>Araceli, cuando la peque\u00f1a Maricarmen ten\u00eda dos a\u00f1os, conoci\u00f3 a Adri\u00e1n, quien se convirti\u00f3 de inmediato en su pap\u00e1. Una familia como muchas que a diario intenta sobrevivir en un mundo dif\u00edcil para muchos de nosotros. &nbsp;<\/p>\n\n\n\n<p>Araceli y Adri\u00e1n educaron a sus hijos para siempre dirigirse a los dem\u00e1s con amor y respeto, sin permitir que nadie les faltara al respeto. Una familia digna que, antes de esto que vamos a redactarle, perdieron a uno de los hermanos de Maricarmen, suceso que los hundi\u00f3 en un inmenso dolor.<\/p>\n\n\n\n<p>Maricarmen era madre de dos hijos: una peque\u00f1ita que es id\u00e9ntica a su mam\u00e1 y un ni\u00f1o que la extra\u00f1a, que intenta rehacer su vida ahora sin mam\u00e1.<\/p>\n\n\n\n<p>Mar\u00eda del Carmen luego de terminar la relaci\u00f3n con el padre de sus hijos, trat\u00f3 de continuar su vida, ten\u00eda como objetivo ser polic\u00eda estatal o ingresar a la Guardia Nacional. Llev\u00f3 a cabo todos los ex\u00e1menes para lograr su objetivo, y lo logr\u00f3.<\/p>\n\n\n\n<p>Una foto con el uniforme de la Instituci\u00f3n acompa\u00f1a las l\u00e1grimas de Araceli, la impotencia de Adri\u00e1n, y las cabecitas llenas de dudas de los peque\u00f1os, que, ahora, forman parte de las largas listas de hu\u00e9rfanos de feminicidio.&nbsp;<\/p>\n\n\n\n<p>La joven madre ya hab\u00eda ingresado a la Guardia Nacional, el 14 de julio de 2023, inici\u00f3 con sus pr\u00e1cticas; ya estaba adscrita al Segundo Batall\u00f3n de Operaciones Especiales de Tijuana, a mediados de agosto la mandar\u00edan a Baja California. \u201cElla so\u00f1aba con cuidar a las mujeres, a los ni\u00f1os de la gente mala, por eso estaba feliz cuando fue aceptada\u201d, recuerda Araceli.<\/p>\n\n\n\n<p>El 31 de julio de 2023, sali\u00f3 porque le tocaba trabajar en las instalaciones de la Guardia Nacional en Ecatepec. Siempre que sal\u00eda, le avisaba a su mam\u00e1, preguntaba por los ni\u00f1os, se manten\u00eda en contacto constante con su mam\u00e1. Ten\u00eda una relaci\u00f3n muy sana y abierta, con sus padres, todo lo platicaba con Araceli, ese d\u00eda no lleg\u00f3 a casa, su madre pens\u00f3, que, le hab\u00eda tocado guardia y por alguna raz\u00f3n no pudo avisarle. El 1 de agosto le mand\u00f3 un mensaje, ya no le contest\u00f3. \u201cYo sent\u00eda algo, uno como madre intuye si est\u00e1n bien o mal, yo sent\u00eda que mi flaquita no estaba bien\u201d.<\/p>\n\n\n\n<p>El 2 de agosto de ese a\u00f1o, fue localizada asesinada en un hotel en el municipio de Cuautitl\u00e1n, Estado de M\u00e9xico. Algunos medios dieron a conocer el terrible hallazgo.&nbsp;<\/p>\n\n\n\n<p>Seg\u00fan lo informado por la Fiscal\u00eda, la joven madre lleg\u00f3 al lugar con un sujeto; sin embargo, aunque hab\u00eda c\u00e1maras, estas no funcionaban, por lo que hasta el momento se ignora qui\u00e9n le arrebat\u00f3 la vida a Maricarmen.<\/p>\n\n\n\n<p>Fue la funeraria quien los contact\u00f3 para avisarles que su hija estaba en el Semefo de Cuautitl\u00e1n, no fue autoridad alguna la que acudi\u00f3, como lo marca el protocolo a informarles.&nbsp;<\/p>\n\n\n\n<p>A Adri\u00e1n, al no ser padre biol\u00f3gico de Maricarmen, le dijeron que no pod\u00eda acceder a la informaci\u00f3n porque no era su pap\u00e1. \u201cEs mi hija, yo la cri\u00e9 desde chiquita, \u00bfpor qu\u00e9? Me dicen que no puedo saber, tengo derecho a exigir justicia para mi hija.<\/p>\n\n\n\n<p>Araceli y Adri\u00e1n piden lo mismo que las decenas de familias que acompa\u00f1amos. Justicia, \u201cyo quiero saber qui\u00e9n le hizo da\u00f1o a mi flaquita, si ella era tan buena\u201d.&nbsp;<\/p>\n\n\n\n<p>Hoy, Araceli, Adri\u00e1n y los peque\u00f1os hijos de Maricarmen, forman parte de la familia que no deber\u00eda de existir: \u201cVoces de la Ausencia\u201d, quienes hoy abrazan a esta nueva hermana y hermano del dolor, uniendo su voz a esta exigencia de justicia y verdad, para Maricarmen.<\/p>\n\n\n\n<p>Como siempre lo recordamos, nosotros somos la extensi\u00f3n solamente de la voz de estas familias, que son las \u00fanicas autorizadas para hablar por sus hijas. Araceli y Adri\u00e1n, redactaron lo siguiente.<\/p>\n\n\n\n<p>Carta para mi hija.<\/p>\n\n\n\n<p>Mar\u00eda Del Carmen G\u00f3mez Urbina.<\/p>\n\n\n\n<p>Mi flaquita, como le dec\u00edamos en casa.<\/p>\n\n\n\n<p>De: tu mam\u00e1, Araceli Urbina Flores.<\/p>\n\n\n\n<p>Querida flaquita: te escribo estas l\u00edneas para decirte que nos haces mucha falta, a tu princesa, a tu pr\u00edncipe, a tu hermano y a m\u00ed, hija.<\/p>\n\n\n\n<p>Hija, yo s\u00e9 que t\u00fa no quer\u00edas dejar a tus hijos, pero, ese maldito asesino te quit\u00f3 la vida y no solamente te quit\u00f3 la vida; te quit\u00f3 tus ilusiones de hacerles su casita a tus beb\u00e9s, darles muchas cosas m\u00e1s; flaquita, yo s\u00f3lo te pido que t\u00fa donde quiera que est\u00e9s, cuides y protejas a tus hijos, cu\u00eddalos mucho, porque desde que falleciste, a tu C\u00e1eli Areli, o sea, a tu princesa le haces falta para que la abraces, la lleves a las clases iniciales, como lo hac\u00edas con ella hace un a\u00f1o; \u00bfsabes?, yo la sigo llevando, pero me duele, que no est\u00e9s con ella para que disfrutes d\u00eda a d\u00eda sus metas en la estancia; ella es muy&nbsp;inteligente, adem\u00e1s aprende muy r\u00e1pido, ya sali\u00f3 de vacaciones de su escuelita, \u00bfsabes? Le dieron un diploma a ella y a m\u00ed me dieron un reconocimiento por llevarla a sus clases iniciales. Flaquita, ya nom\u00e1s falta un a\u00f1o para que salga tu princesa de su escuelita; para el otro a\u00f1o le har\u00e1n su graduaci\u00f3n de sus clases iniciales. Te prometo que la seguir\u00e9 llevando, hasta su graduaci\u00f3n, y, de ah\u00ed, ya entrar\u00e1 al k\u00ednder. La voy a mandar donde t\u00fa, ya me hab\u00edas dicho que quer\u00edas que fuera, ah\u00ed la voy a llevar, flaquita, ya faltan 12 d\u00edas para que tu princesa cumpla tres a\u00f1os, y, t\u00fa, ya no est\u00e1s con ella para que le des su regalo como hace un a\u00f1o, ya est\u00e1 m\u00e1s grande tu princesa.<\/p>\n\n\n\n<p>Flaca, me duele mucho que ya no est\u00e9s con tu princesa; tanto deseabas a tu ni\u00f1a y ya no est\u00e1s con ella. S\u00f3lo te pido que me ayudes, desde el cielo, a que tu princesa sea una buena hija cuando est\u00e9 grande. Y a m\u00ed me ayudes donde quiera que est\u00e9s, a hacer y educar a tu princesa bien, porque es una ni\u00f1a muy hermosa, y se va pareciendo mucho a ti, va a ser alta y delgadita como t\u00fa. Bueno, esto es respecto a la princesa.<\/p>\n\n\n\n<p>&nbsp;Tu pr\u00edncipe, ese ni\u00f1o, tu hijo \u00c1ngel es un ni\u00f1o muy hermoso tambi\u00e9n; me est\u00e1 costando bastante hija, por la violencia que vivieron con su pap\u00e1 de tus hijos, pero ya lo estoy llevando al psic\u00f3logo y ya parece que va m\u00e1s tranquilo, es muy lindo, s\u00ed, te extra\u00f1a mucho, me pregunta por ti, o, \u00e9l mismo, me platica cosas que vivieron juntos t\u00fa y \u00e9l; de su pap\u00e1, no quiere hablar porque dice que no lo quiere, porque los trataba muy mal, y que te pegaba mucho, que a su hermanita nunca la quiso. Y dec\u00eda que no era hija de \u00e9l. S\u00f3lo tu ni\u00f1o sabe lo que vivi\u00f3 con su pap\u00e1 y contigo, \u00c1ngel Alberto, es muy inteligente, va muy bien en la escuela; bueno es un poquito peleonero, pero lleva puro 9 y 10 tiene de&nbsp;promedio 9.7, es muy listo para su escuela y en casa, quiere mucho a su hermanita, la cuida&nbsp;mucho&nbsp;dice que es lo \u00fanico que le dejaste, y que, siempre la va a cuidar y proteger de todas las cosas malas que le quieran hacer;&nbsp;que,&nbsp;porque si ya te perdi\u00f3, no quiere que le pase nada a su hermanita.<\/p>\n\n\n\n<p>Y tambi\u00e9n dice tu pr\u00edncipe que, le va a echar muchas ganas a sus estudios, para que, t\u00fa, est\u00e9s orgullosa de ellos, y no est\u00e9s enojada, ni triste por \u00e9l. D\u00eda a d\u00eda reza sus oraciones para que descanses en paz; te extra\u00f1a mucho, extra\u00f1a esos tiempos que pasaban jugando, cuando lo llevabas a la escuela, o cuando ve\u00edan pel\u00edculas. Flaquita te pido que cuides mucho a tu pr\u00edncipe, y tambi\u00e9n que hagas que sea un buen hombre, en el futuro. Te extra\u00f1a mucho.<\/p>\n\n\n\n<p>Flaquita, yo te extra\u00f1o mucho, \u00bfsabes? Me haces mucha falta para platicar contigo como lo hac\u00edamos, me hacen falta tus abrazos, tu alegr\u00eda, tus bromas, tus palabras que me dec\u00edas, madre, \u00bfme quieres?, madre, \u00bfc\u00f3mo est\u00e1s?, madre, \u00bfhoy qu\u00e9 vamos a hacer? \u00bfC\u00f3mo es posible que ya no est\u00e9s con nosotros?<\/p>\n\n\n\n<p>Hace un a\u00f1o en estas fechas ya estabas en la Guardia Nacional, muy feliz, me acuerdo cuando te llamaron para que te presentaras; yo estaba cambiando mis cortinas en la sala, y subiste muy contenta a decirme que, ya te hab\u00edan llamado los de la Guardia Nacional, para que te presentaras; y te pusiste a llorar porque ibas a dejar a tus beb\u00e9s conmigo, y los ibas a extra\u00f1ar, yo te dije que le echaras muchas ganas para que les hicieras su casita a tus beb\u00e9s, y que disfrutaras tu vocaci\u00f3n, te vi muy feliz flaquita.<\/p>\n\n\n\n<p>Flaquita en donde quiera que est\u00e9s, ay\u00fadame a que tu asesino, lo encuentren r\u00e1pido, s\u00e9 que eso no te va a devolver con nosotros. Pero al menos me va a dar tranquilidad, que ese maldito asesino est\u00e9 pagando por lo que te hizo, te prometo por tus hijos, por tu hermano, y por nosotros que somos tus padres Adri\u00e1n y yo Araceli, que, nunca voy a descansar de exigirles a las autoridades que sigan buscando a tu asesino; no me voy a dar por vencida, d\u00eda a d\u00eda seguir\u00e9 luchando, y haciendo lo que tenga que hacer, para conseguir justicia por tu muerte, te lo prometo; flaca, ese maldito asesino me quit\u00f3 lo m\u00e1s amado de mi vida, que eras tu hija. Eres mi gran orgullo, te amo.<\/p>\n\n\n\n<p>No te preocupes por tu princesa y por tu pr\u00edncipe, ellos, est\u00e1n bien aqu\u00ed en casa. Tu hermano, Adri\u00e1n, y yo, tu madre, los amamos mucho a tus hijos. Cuida mucho a tu hermano Yair, \u00e9l te necesita mucho, y te llora como no te imaginas. Dale fuerza para cumplir su promesa que te hizo, de irse a la Guardia Nacional, cu\u00eddalo mucho.<\/p>\n\n\n\n<p>Bueno; hija tambi\u00e9n cuida mucho a tu mareado o sea a Adri\u00e1n, cu\u00eddalo mucho; porque ama tus ni\u00f1os y los ve como si fueran sus propios hijos, les da su leche temprano, y los cuida mucho, por eso no te preocupes, ellos est\u00e1n bien, gracias por esos nietos que me diste, es lo m\u00e1s hermoso que tengo de ti, los amo mucho.<\/p>\n\n\n\n<p>Me despido de ti, mi flaquita. Te amo y te prometo, buscar y seguir\u00e9 buscando justicia, no descansar\u00e9 hasta ver a tu asesino pagar lo que te hizo.<\/p>\n\n\n\n<p>Te amo, mi flaquita dame fuerza para continuar sin ti, porque tengo mi alma y mi coraz\u00f3n desechos.<\/p>\n\n\n\n<p>Carta de Adri\u00e1n.&nbsp;<\/p>\n\n\n\n<p>Coyotepec, M\u00e9xico.<\/p>\n\n\n\n<p>A quien corresponda:<\/p>\n\n\n\n<p>Presente.<\/p>\n\n\n\n<p>Mi nombre es Adri\u00e1n, soy pap\u00e1 de Mar\u00eda Del Carmen G\u00f3mez Urbina, quien fue encontrada sin vida en un hotel de Cuautitl\u00e1n M\u00e9xico, \u201cpor asfixia&nbsp;mec\u00e1nica\u201d.<\/p>\n\n\n\n<p>El&nbsp;d\u00eda 2 de agosto del a\u00f1o 2023, este feminicidio no se supo y no se ha conocido nada porque la fiscal\u00eda de Feminicidios de Tlalnepantla, hasta la fecha, que ya va para un a\u00f1o, no nos ha dado ning\u00fan informe&nbsp;concreto con respecto al presunto asesino, sigue igual, en ceros; el responsable se encuentra en plena libertad hasta hoy.<\/p>\n\n\n\n<p>Cada cita que le dan a mi esposa en la fiscal\u00eda de&nbsp;feminicidios&nbsp;es para decirle lo mismo, que no se sabe nada, o que no hay nada nuevo.<\/p>\n\n\n\n<p>En lo que a m\u00ed respecta, no me permiten la entrada, qu\u00e9, porque no soy su pap\u00e1 biol\u00f3gico de Mar\u00eda Del Carmen, a pesar de que con mi esposa tengo ya 14 a\u00f1os casado legalmente, por tanto, yo la siento como si fuera mi hija leg\u00edtima. Aun as\u00ed, no tengo derecho a exigir nada ante estas autoridades.&nbsp;<\/p>\n\n\n\n<p>Por esta y otras razones y por medio de este conducto me dirijo a la Fiscal\u00eda de Feminicidios de Tlalnepantla, tome cartas en el asunto; tambi\u00e9n a todos los usuarios en las redes sociales, nos ayuden a difundir o a localizar al presunto asesino de mi hija Mar\u00eda Del Carmen, y, que no quede impune su muerte, as\u00ed como han quedado las otras v\u00edctimas, qu\u00e9 tal vez despu\u00e9s puede ser un familiar tuyo.&nbsp;<\/p>\n\n\n\n<p>Pido atentamente su cooperaci\u00f3n o informaci\u00f3n, si es que t\u00fa o alguien, sabe algo acerca de esta situaci\u00f3n, o conoci\u00f3 a Mar\u00eda Del Carmen, y tiene un poco de informaci\u00f3n que nos ayude a conseguir justicia, les pido que nos los hagas saber.<\/p>\n\n\n\n<p>De antemano agradezco su atenci\u00f3n y colaboraci\u00f3n. Adri\u00e1n y Araceli.<\/p>\n\n\n\n<p>Desde los acompa\u00f1amientos que hacemos, adem\u00e1s de las redacciones de&nbsp;est\u00e1s&nbsp;historias,&nbsp;como Frida Guerrera, continuaremos a su lado, hasta dar con quien le arrebatar\u00e1 la vida.&nbsp;<\/p>\n\n\n\n<p>Eres madre, padre, hermana, hermano, hija, hijo. De una mujer v\u00edctima de feminicidio, desaparici\u00f3n, o intento de feminicidio b\u00fascame, ay\u00fadame a visualizarlas y contar su historia. \u201cVoces de la Ausencia\u201d.<\/p>\n\n\n\n<p>P.D. Cada uno de los textos expuestos en este espacio, son con autorizaci\u00f3n y acompa\u00f1amiento de las&nbsp;familias directas de las&nbsp;v\u00edctimas, que son las \u00fanicas autorizadas para hacerlo. Porque solo somos la extensi\u00f3n de su grito de justicia.<\/p>\n\n\n\n<p>@FridaGuerrera<\/p>\n\n\n\n<p>@vocesDLAusencia<\/p>\n","protected":false},"excerpt":{"rendered":"<p>\u201cSo\u00f1\u00f3 que todo hab\u00eda sido un sue\u00f1o, un sue\u00f1o maravilloso, pero nada m\u00e1s que eso\u201d.&nbsp;Celia&hellip;<\/p>\n","protected":false},"author":2,"featured_media":69816,"comment_status":"closed","ping_status":"open","sticky":false,"template":"","format":"standard","meta":{"_lmt_disableupdate":"","_lmt_disable":"","_jetpack_memberships_contains_paid_content":false,"footnotes":""},"categories":[456,109],"tags":[1377],"class_list":["post-70452","post","type-post","status-publish","format-standard","has-post-thumbnail","hentry","category-columna","category-minuto-a-minuto","tag-frida-guerrera-villalvazo"],"jetpack_featured_media_url":"https:\/\/zonaroja.com.mx\/wp-content\/uploads\/2024\/06\/Frida-Guerrera-Veronica-Villalvazo.jpg","jetpack_sharing_enabled":true,"_links":{"self":[{"href":"https:\/\/zonaroja.com.mx\/index.php?rest_route=\/wp\/v2\/posts\/70452","targetHints":{"allow":["GET"]}}],"collection":[{"href":"https:\/\/zonaroja.com.mx\/index.php?rest_route=\/wp\/v2\/posts"}],"about":[{"href":"https:\/\/zonaroja.com.mx\/index.php?rest_route=\/wp\/v2\/types\/post"}],"author":[{"embeddable":true,"href":"https:\/\/zonaroja.com.mx\/index.php?rest_route=\/wp\/v2\/users\/2"}],"replies":[{"embeddable":true,"href":"https:\/\/zonaroja.com.mx\/index.php?rest_route=%2Fwp%2Fv2%2Fcomments&post=70452"}],"version-history":[{"count":1,"href":"https:\/\/zonaroja.com.mx\/index.php?rest_route=\/wp\/v2\/posts\/70452\/revisions"}],"predecessor-version":[{"id":70453,"href":"https:\/\/zonaroja.com.mx\/index.php?rest_route=\/wp\/v2\/posts\/70452\/revisions\/70453"}],"wp:featuredmedia":[{"embeddable":true,"href":"https:\/\/zonaroja.com.mx\/index.php?rest_route=\/wp\/v2\/media\/69816"}],"wp:attachment":[{"href":"https:\/\/zonaroja.com.mx\/index.php?rest_route=%2Fwp%2Fv2%2Fmedia&parent=70452"}],"wp:term":[{"taxonomy":"category","embeddable":true,"href":"https:\/\/zonaroja.com.mx\/index.php?rest_route=%2Fwp%2Fv2%2Fcategories&post=70452"},{"taxonomy":"post_tag","embeddable":true,"href":"https:\/\/zonaroja.com.mx\/index.php?rest_route=%2Fwp%2Fv2%2Ftags&post=70452"}],"curies":[{"name":"wp","href":"https:\/\/api.w.org\/{rel}","templated":true}]}}