{"id":70454,"date":"2024-07-17T10:31:00","date_gmt":"2024-07-17T16:31:00","guid":{"rendered":"https:\/\/zonaroja.com.mx\/?p=70454"},"modified":"2024-07-17T14:19:32","modified_gmt":"2024-07-17T20:19:32","slug":"sin-apoyo-de-gobierno-triunfan-bailarinas-oaxaquenas-en-europa","status":"publish","type":"post","link":"https:\/\/zonaroja.com.mx\/?p=70454","title":{"rendered":"Sin apoyo de gobierno, triunfan bailarinas oaxaque\u00f1as en Europa"},"content":{"rendered":"\n<p>Ismael Garc\u00eda M.\/Zona Roja.<\/p>\n\n\n\n<p>Oaxaca de Ju\u00e1rez, Oax., a 17 de julio de 2024.- Sin apoyo gubernamental, cinco adolescentes originarias de Oaxaca lograron un segundo lugar internacional, en una competencia de ballet efectuada en los Pa\u00edses Bajos.<\/p>\n\n\n\n<p>Se trata de alumnas de la escuela de danza Developp\u00e9 Eteco, ubicado en San Sebasti\u00e1n, Etla, quienes participaron en el Global Dance Open 2024 y participaron con la coreograf\u00eda \u201cAutorretratos de Van Gogh\u201d. <\/p>\n\n\n\n<p>Por varios meses, los padres de familia, con el apoyo de las y los docentes, efectuaron diversas actividades para recaudar fondos y hacer posible el viaje al continente europeo.<\/p>\n\n\n\n<p>Este martes en el z\u00f3calo de la ciudad de Oaxaca, las alumnas y los profesores Reynaldo Mart\u00ednez y Janet Garc\u00eda, as\u00ed como la core\u00f3grafa Mitzy Ruiz, ofrecieron una conferencia de prensa para dar a conocer su logro.<\/p>\n\n\n\n<p>Al mismo tiempo, confiar en que en las pr\u00f3ximas competencias nacional e internacional, puedan lograr el respaldo del Gobierno del Estado.<\/p>\n\n\n\n<figure class=\"wp-block-embed\"><div class=\"wp-block-embed__wrapper\">\nhttps:\/\/www.facebook.com\/share\/v\/RCTuWXSGvmAeF4x8\n<\/div><\/figure>\n\n\n\n<p>Las bailarinas son Marina Santiago Paredes, Jimena L\u00f3pez Ruiz, Isabella Santiago Paredes, Jade Garc\u00eda Ojeda Lady Azul M\u00e9ndez Reyes.<\/p>\n\n\n\n<p>La competencia fue en la ciudad de Apeldoorn, Holanda, y el primer lugar lo obtuvieron alumnas de Inglaterra.<\/p>\n\n\n\n<p>En la conferencia, explicaron que tambi\u00e9n personas particulares apoyaron en el financiamiento del viaje.<\/p>\n\n\n\n<p>\u201cEstoy muy orgullosa de ellas, han trabajado por siete a\u00f1os y obviamente esta oportunidad por parte de su esfuerzo, dedicaci\u00f3n, compromiso, hacia su disciplina\u201d, dijo Mitzy Ruiz.<\/p>\n\n\n\n<p>Explicaron que en octubre pr\u00f3ximo acudir\u00e1n a una competencia nacional, en la ciudad de M\u00e9xico, con una nueva coreograf\u00eda que ya se prepara.&nbsp;<\/p>\n\n\n\n<p>Agradecieron el respaldo de los padres de familia e invitaron a m\u00e1s personas a acudir a Developp\u00e9 Eteco, que cuenta actualmente con 60 alumnas, para aprender de esta disciplina.<\/p>\n\n\n\n<figure class=\"wp-block-embed is-type-rich is-provider-twitter wp-block-embed-twitter\"><div class=\"wp-block-embed__wrapper\">\n<div class=\"twitter-tweet\"><blockquote class=\"twitter-tweet\" data-lang=\"es\"><p lang=\"es\" dir=\"ltr\">\ud83d\udc4f\ud83d\udc4f\ud83d\udc4f\ud83d\udc4f\ud83d\udc4f<br>Alumnas oaxaque\u00f1as ganaron un segundo lugar en una competencia internacional de ballet. <br>Son de Developp\u00e9 Eteco, con sede en San Sebasti\u00e1n, Etla, y compitieron del 9 al 13 de julio en los Pa\u00edses Bajos\u2026 sin apoyo gubernamental. <a href=\"https:\/\/t.co\/13SG0KBWEz\">pic.twitter.com\/13SG0KBWEz<\/a><\/p>&mdash; Zona Roja Oaxaca (@ZonaRoja_Oaxaca) <a href=\"https:\/\/twitter.com\/ZonaRoja_Oaxaca\/status\/1813334290656346314?ref_src=twsrc%5Etfw\">16 de julio de 2024<\/a><\/blockquote><\/div>\n<\/div><\/figure>\n","protected":false},"excerpt":{"rendered":"<p>Ismael Garc\u00eda M.\/Zona Roja. Oaxaca de Ju\u00e1rez, Oax., a 17 de julio de 2024.- Sin&hellip;<\/p>\n","protected":false},"author":2,"featured_media":70455,"comment_status":"closed","ping_status":"open","sticky":false,"template":"","format":"standard","meta":{"_lmt_disableupdate":"","_lmt_disable":"","_jetpack_memberships_contains_paid_content":false,"footnotes":""},"categories":[109,46],"tags":[3999],"class_list":["post-70454","post","type-post","status-publish","format-standard","has-post-thumbnail","hentry","category-minuto-a-minuto","category-zona-blanca","tag-developpe-eteco"],"jetpack_featured_media_url":"https:\/\/zonaroja.com.mx\/wp-content\/uploads\/2024\/07\/Developpe-Eteco-en-Paises-Bajos.jpg","jetpack_sharing_enabled":true,"_links":{"self":[{"href":"https:\/\/zonaroja.com.mx\/index.php?rest_route=\/wp\/v2\/posts\/70454","targetHints":{"allow":["GET"]}}],"collection":[{"href":"https:\/\/zonaroja.com.mx\/index.php?rest_route=\/wp\/v2\/posts"}],"about":[{"href":"https:\/\/zonaroja.com.mx\/index.php?rest_route=\/wp\/v2\/types\/post"}],"author":[{"embeddable":true,"href":"https:\/\/zonaroja.com.mx\/index.php?rest_route=\/wp\/v2\/users\/2"}],"replies":[{"embeddable":true,"href":"https:\/\/zonaroja.com.mx\/index.php?rest_route=%2Fwp%2Fv2%2Fcomments&post=70454"}],"version-history":[{"count":4,"href":"https:\/\/zonaroja.com.mx\/index.php?rest_route=\/wp\/v2\/posts\/70454\/revisions"}],"predecessor-version":[{"id":70465,"href":"https:\/\/zonaroja.com.mx\/index.php?rest_route=\/wp\/v2\/posts\/70454\/revisions\/70465"}],"wp:featuredmedia":[{"embeddable":true,"href":"https:\/\/zonaroja.com.mx\/index.php?rest_route=\/wp\/v2\/media\/70455"}],"wp:attachment":[{"href":"https:\/\/zonaroja.com.mx\/index.php?rest_route=%2Fwp%2Fv2%2Fmedia&parent=70454"}],"wp:term":[{"taxonomy":"category","embeddable":true,"href":"https:\/\/zonaroja.com.mx\/index.php?rest_route=%2Fwp%2Fv2%2Fcategories&post=70454"},{"taxonomy":"post_tag","embeddable":true,"href":"https:\/\/zonaroja.com.mx\/index.php?rest_route=%2Fwp%2Fv2%2Ftags&post=70454"}],"curies":[{"name":"wp","href":"https:\/\/api.w.org\/{rel}","templated":true}]}}