{"id":70457,"date":"2024-07-17T10:33:00","date_gmt":"2024-07-17T16:33:00","guid":{"rendered":"https:\/\/zonaroja.com.mx\/?p=70457"},"modified":"2024-07-17T08:37:45","modified_gmt":"2024-07-17T14:37:45","slug":"cientifico-oaxaqueno-de-el-espinal-retoma-actividades-internacionales","status":"publish","type":"post","link":"https:\/\/zonaroja.com.mx\/?p=70457","title":{"rendered":"Cient\u00edfico oaxaque\u00f1o de El Espinal retoma actividades internacionales"},"content":{"rendered":"\n<p>Redacci\u00f3n\/Zona Roja.<\/p>\n\n\n\n<p>Oaxaca de Ju\u00e1rez, Oax., a 17 de julio de 2024.- En Ginebra, Suiza, H\u00e9ctor Alejandro Cabrera Fuentes, cient\u00edfico oaxaque\u00f1o y catedr\u00e1tico de la Universidad Aut\u00f3noma \u201cBenito Ju\u00e1rez\u201d de Oaxaca, se reuni\u00f3 con el Embajador de M\u00e9xico ante el Consejo Mundial del Comercio, Rafael Mar\u00edn Mollinedo, y representantes de Blackfountain Capital.<\/p>\n\n\n\n<p>Lo anterior para discutir el desarrollo del Centro de Investigaci\u00f3n en Ciencias de la Salud y de la Vida en El Espinal, Oaxaca. Este proyecto, enmarcado en el Corredor Interoce\u00e1nico del Istmo de Tehuantepec, busca atraer inversiones para la creaci\u00f3n de un parque cient\u00edfico especializado en la investigaci\u00f3n de enfermedades cr\u00edticas como la diabetes, el c\u00e1ncer, las enfermedades infecciosas, neurodegenerativas y cardiovasculares.<\/p>\n\n\n\n<p>El Centro de Investigaci\u00f3n se establecer\u00e1 en un predio de 35 hect\u00e1reas donado por el Congreso del Estado de Oaxaca, ubicado en el Parque Ecol\u00f3gico Regional del Istmo. Este centro formar\u00e1 parte de un ecosistema de innovaci\u00f3n m\u00e1s amplio, dise\u00f1ado para fortalecer la capacidad industrial y cient\u00edfica de la regi\u00f3n, y fomentar el desarrollo econ\u00f3mico y social.<\/p>\n\n\n\n<p>El proyecto incluye la creaci\u00f3n de un sistema regional de centros de innovaci\u00f3n, vinculados a polos de desarrollo industrial en el Istmo de Tehuantepec. A mediano y largo plazo, se establecer\u00e1n ecosistemas generadores de conocimiento que agrupar\u00e1n centros de investigaci\u00f3n, tecnol\u00f3gicos, y empresas innovadoras.<\/p>\n\n\n\n<p>Blackfountain Capital, conocida por su apoyo a proyectos de alto impacto, mostr\u00f3 inter\u00e9s en colaborar para llevar a cabo esta ambiciosa iniciativa. La experiencia cient\u00edfica del doctor Cabrera Fuentes y el respaldo financiero de Blackfountain Capital prometen fortalecer significativamente la investigaci\u00f3n m\u00e9dica y el desarrollo tecnol\u00f3gico en Oaxaca.<\/p>\n\n\n\n<p>Este esfuerzo conjunto tiene el potencial de convertir a El Espinal en un referente de desarrollo cient\u00edfico y tecnol\u00f3gico en la regi\u00f3n sur de M\u00e9xico, contribuyendo al progreso regional y nacional.<\/p>\n","protected":false},"excerpt":{"rendered":"<p>Redacci\u00f3n\/Zona Roja. Oaxaca de Ju\u00e1rez, Oax., a 17 de julio de 2024.- En Ginebra, Suiza,&hellip;<\/p>\n","protected":false},"author":2,"featured_media":70458,"comment_status":"closed","ping_status":"open","sticky":false,"template":"","format":"standard","meta":{"_lmt_disableupdate":"","_lmt_disable":"","_jetpack_memberships_contains_paid_content":false,"footnotes":""},"categories":[109,46],"tags":[2470],"class_list":["post-70457","post","type-post","status-publish","format-standard","has-post-thumbnail","hentry","category-minuto-a-minuto","category-zona-blanca","tag-hector-cabrera-fuentes"],"jetpack_featured_media_url":"https:\/\/zonaroja.com.mx\/wp-content\/uploads\/2024\/07\/Doctor-cientifico-Hector-Cabrera-Fuentes.jpg","jetpack_sharing_enabled":true,"_links":{"self":[{"href":"https:\/\/zonaroja.com.mx\/index.php?rest_route=\/wp\/v2\/posts\/70457","targetHints":{"allow":["GET"]}}],"collection":[{"href":"https:\/\/zonaroja.com.mx\/index.php?rest_route=\/wp\/v2\/posts"}],"about":[{"href":"https:\/\/zonaroja.com.mx\/index.php?rest_route=\/wp\/v2\/types\/post"}],"author":[{"embeddable":true,"href":"https:\/\/zonaroja.com.mx\/index.php?rest_route=\/wp\/v2\/users\/2"}],"replies":[{"embeddable":true,"href":"https:\/\/zonaroja.com.mx\/index.php?rest_route=%2Fwp%2Fv2%2Fcomments&post=70457"}],"version-history":[{"count":1,"href":"https:\/\/zonaroja.com.mx\/index.php?rest_route=\/wp\/v2\/posts\/70457\/revisions"}],"predecessor-version":[{"id":70459,"href":"https:\/\/zonaroja.com.mx\/index.php?rest_route=\/wp\/v2\/posts\/70457\/revisions\/70459"}],"wp:featuredmedia":[{"embeddable":true,"href":"https:\/\/zonaroja.com.mx\/index.php?rest_route=\/wp\/v2\/media\/70458"}],"wp:attachment":[{"href":"https:\/\/zonaroja.com.mx\/index.php?rest_route=%2Fwp%2Fv2%2Fmedia&parent=70457"}],"wp:term":[{"taxonomy":"category","embeddable":true,"href":"https:\/\/zonaroja.com.mx\/index.php?rest_route=%2Fwp%2Fv2%2Fcategories&post=70457"},{"taxonomy":"post_tag","embeddable":true,"href":"https:\/\/zonaroja.com.mx\/index.php?rest_route=%2Fwp%2Fv2%2Ftags&post=70457"}],"curies":[{"name":"wp","href":"https:\/\/api.w.org\/{rel}","templated":true}]}}