{"id":70460,"date":"2024-07-17T12:37:00","date_gmt":"2024-07-17T18:37:00","guid":{"rendered":"https:\/\/zonaroja.com.mx\/?p=70460"},"modified":"2024-07-17T08:43:17","modified_gmt":"2024-07-17T14:43:17","slug":"agradecen-y-reconocen-locatarios-el-apoyo-del-edil-de-santa-cruz-xoxocotlan","status":"publish","type":"post","link":"https:\/\/zonaroja.com.mx\/?p=70460","title":{"rendered":"Agradecen y reconocen locatarios el apoyo del edil de Santa Cruz Xoxocotl\u00e1n"},"content":{"rendered":"\n<p>Redacci\u00f3n\/Zona Roja.<\/p>\n\n\n\n<p>Oaxaca de Ju\u00e1rez, Oax., a 17 de julio de 2024.- El gobierno municipal de Santa Cruz Xoxocotl\u00e1n, que encabeza Inocente Castellanos Alejos, entreg\u00f3 este martes, a locatarios y tianguistas del mercado \u201cSanta Elena de la Cruz\u201d, mil 70 metros cuadrados de techado construido en el estacionamiento de este importante centro comercial de la poblaci\u00f3n.&nbsp;<\/p>\n\n\n\n<p>La acci\u00f3n que beneficia a 80 agremiados a la Uni\u00f3n de Comerciantes del lugar; 40 tianguistas, alrededor de 20 mototaxistas y, en especial, a los compradores del centro comercial m\u00e1s tradicional de Xoxo, fue inaugurada la ma\u00f1ana de este martes en un acto donde estuvieron presentes autoridades, mercaderes y ciudadanos de este municipio.<\/p>\n\n\n\n<p>En el evento, el doctor \u201cChente\u201d Castellanos recibi\u00f3 el sincero agradecimiento de las y los beneficiarios, quienes reconocieron en \u00e9l a un hombre sensible y dispuesto siempre a atender las demandas m\u00e1s sentidas de la poblaci\u00f3n.<\/p>\n\n\n\n<p>\u00abAl fin nos hizo justicia la Revoluci\u00f3n y ahora debemos agradecer que nuestra confianza fue correspondida por un hombre que proviene de una familia honorable, honesta, solidaria; un Xoxe\u00f1o comprometido con su pueblo, porque solo con alguien as\u00ed al frente del gobierno logramos ser escuchados. Hacemos votos porque no sea la \u00fanica oportunidad de tenerlo como presidente\u00bb, dijo do\u00f1a Cristina V\u00e1squez, locataria del lugar.<\/p>\n\n\n\n<p>A su vez, a nombre de todos los socios de la Uni\u00f3n de Locatarios del Mercado Santa Elena de la Cruz, A C; la secretaria, \u00a0Nallely Mat\u00edas Nu\u00f1ez, \u00a0reconoci\u00f3 la disposici\u00f3n del gobierno municipal de Xoxocotl\u00e1n, y en especial al presidente municipal, para garantizar que ese sea un espacio salubre y ordenado para beneficio de comerciantes y compradores.<\/p>\n\n\n\n<figure class=\"wp-block-embed is-type-rich is-provider-twitter wp-block-embed-twitter\"><div class=\"wp-block-embed__wrapper\">\n<div class=\"twitter-tweet\"><blockquote class=\"twitter-tweet\" data-lang=\"es\"><p lang=\"es\" dir=\"ltr\">Esta ma\u00f1ana el presidente municipal de Santa Cruz Xoxocotl\u00e1n, <a href=\"https:\/\/twitter.com\/DrChenteC?ref_src=twsrc%5Etfw\">@DrChenteC<\/a>, inaugur\u00f3 las obras de techado del \u00e1rea de tianguis del mercado \u201cSanta Elena de la Cruz\u201d, el principal de esa demarcaci\u00f3n, donde recibi\u00f3 el reconocimiento de las y los locatarios. <a href=\"https:\/\/t.co\/NwKeX1Hvw5\">pic.twitter.com\/NwKeX1Hvw5<\/a><\/p>&mdash; Zona Roja Oaxaca (@ZonaRoja_Oaxaca) <a href=\"https:\/\/twitter.com\/ZonaRoja_Oaxaca\/status\/1813319467558138056?ref_src=twsrc%5Etfw\">16 de julio de 2024<\/a><\/blockquote><\/div>\n<\/div><\/figure>\n\n\n\n<p>TRABAJO PARA TODOS<\/p>\n\n\n\n<p>En su momento, el edil, \u201cChente\u201d Castellanos manifest\u00f3 su satisfacci\u00f3n por el cumplimiento de este trabajo que deja muestra de que en su gobierno se trabaja para beneficio de todos.&nbsp;<\/p>\n\n\n\n<p>\u00abEsta era una petici\u00f3n que nos comprometimos a atender, &nbsp;las circunstancias que hemos enfrentado desde nuestra llegada dificultaron la agilidad en su atenci\u00f3n, sobre todo, porque es una obra en la que los beneficiarios no tuvieron que aportar un solo peso, pero, empe\u00f1\u00e9 mi palabra y hoy la cumplo, porque siempre ser\u00e1 prioridad el desarrollo de mi pueblo\u00bb, manifest\u00f3 el presidente municipal.<\/p>\n\n\n\n<p>Agreg\u00f3, que su trabajo no concluye con esta entrega, al contrario, dijo estar seguro que cada d\u00eda &nbsp;del resto de la administraci\u00f3n se cumplir\u00e1 con la gente encomienda que le dieron .<\/p>\n\n\n\n<p>Fue el regidor de Protecci\u00f3n Civil, Eliseo Cruz Ruiz el encargado de hacer un recuento de cada tarea desempe\u00f1ada por el gobierno municipal de Xoxo durante el periodo, que record\u00f3, inicio con tres meses de retraso tras la elecci\u00f3n extraordinaria del 2022.<\/p>\n\n\n\n<p>A pesar de ello, inform\u00f3 que Chente Castellanos concluir\u00e1 este a\u00f1o, con la entrega de poco m\u00e1s de 400 obras realizadas por esta administraci\u00f3n, en beneficio de las y los Xoxe\u00f1os.<\/p>\n","protected":false},"excerpt":{"rendered":"<p>Redacci\u00f3n\/Zona Roja. Oaxaca de Ju\u00e1rez, Oax., a 17 de julio de 2024.- El gobierno municipal&hellip;<\/p>\n","protected":false},"author":2,"featured_media":70461,"comment_status":"closed","ping_status":"open","sticky":false,"template":"","format":"standard","meta":{"_lmt_disableupdate":"","_lmt_disable":"","_jetpack_memberships_contains_paid_content":false,"footnotes":""},"categories":[109,46],"tags":[133],"class_list":["post-70460","post","type-post","status-publish","format-standard","has-post-thumbnail","hentry","category-minuto-a-minuto","category-zona-blanca","tag-santa-cruz-xoxocotlan"],"jetpack_featured_media_url":"https:\/\/zonaroja.com.mx\/wp-content\/uploads\/2024\/07\/Obra-mercado-Xoxocotlan.jpg","jetpack_sharing_enabled":true,"_links":{"self":[{"href":"https:\/\/zonaroja.com.mx\/index.php?rest_route=\/wp\/v2\/posts\/70460","targetHints":{"allow":["GET"]}}],"collection":[{"href":"https:\/\/zonaroja.com.mx\/index.php?rest_route=\/wp\/v2\/posts"}],"about":[{"href":"https:\/\/zonaroja.com.mx\/index.php?rest_route=\/wp\/v2\/types\/post"}],"author":[{"embeddable":true,"href":"https:\/\/zonaroja.com.mx\/index.php?rest_route=\/wp\/v2\/users\/2"}],"replies":[{"embeddable":true,"href":"https:\/\/zonaroja.com.mx\/index.php?rest_route=%2Fwp%2Fv2%2Fcomments&post=70460"}],"version-history":[{"count":1,"href":"https:\/\/zonaroja.com.mx\/index.php?rest_route=\/wp\/v2\/posts\/70460\/revisions"}],"predecessor-version":[{"id":70462,"href":"https:\/\/zonaroja.com.mx\/index.php?rest_route=\/wp\/v2\/posts\/70460\/revisions\/70462"}],"wp:featuredmedia":[{"embeddable":true,"href":"https:\/\/zonaroja.com.mx\/index.php?rest_route=\/wp\/v2\/media\/70461"}],"wp:attachment":[{"href":"https:\/\/zonaroja.com.mx\/index.php?rest_route=%2Fwp%2Fv2%2Fmedia&parent=70460"}],"wp:term":[{"taxonomy":"category","embeddable":true,"href":"https:\/\/zonaroja.com.mx\/index.php?rest_route=%2Fwp%2Fv2%2Fcategories&post=70460"},{"taxonomy":"post_tag","embeddable":true,"href":"https:\/\/zonaroja.com.mx\/index.php?rest_route=%2Fwp%2Fv2%2Ftags&post=70460"}],"curies":[{"name":"wp","href":"https:\/\/api.w.org\/{rel}","templated":true}]}}